{"id":41567,"date":"2026-07-31T10:40:16","date_gmt":"2026-07-31T10:40:16","guid":{"rendered":"https:\/\/blogdorogeriogomes.com.br\/noticias\/?p=41567"},"modified":"2026-07-31T10:40:17","modified_gmt":"2026-07-31T10:40:17","slug":"convencoes-de-elmano-de-freitas-e-ciro-gomes-desenham-tabuleiro-eleitoral-neste-fim-de-semana-no-ceara","status":"publish","type":"post","link":"https:\/\/blogdorogeriogomes.com.br\/noticias\/2026\/07\/convencoes-de-elmano-de-freitas-e-ciro-gomes-desenham-tabuleiro-eleitoral-neste-fim-de-semana-no-ceara\/","title":{"rendered":"Conven\u00e7\u00f5es de Elmano de Freitas e Ciro Gomes desenham tabuleiro eleitoral neste fim de semana no Cear\u00e1"},"content":{"rendered":"\n<p class=\"wp-block-paragraph\">O cen\u00e1rio pol\u00edtico do Cear\u00e1 entra em sua fase mais aguda com a realiza\u00e7\u00e3o das principais conven\u00e7\u00f5es partid\u00e1rias neste fim de semana em Fortaleza. Os blocos liderados pelo atual governador Elmano de Freitas (PT) e pelo ex-ministro Ciro Gomes (PSDB) medem for\u00e7as na Capital, enquanto a terceira via tenta consolidar seu espa\u00e7o em meio a rachas e disputas judiciais de \u00faltima hora.<\/p>\n\n\n\n<p class=\"wp-block-paragraph\">O governador Elmano de Freitas oficializa sua candidatura \u00e0 reelei\u00e7\u00e3o na tarde desta sexta-feira, dia 31 de julho. O ato pol\u00edtico ocorre a partir das 17 horas, no Centro de Eventos do Cear\u00e1.O grande trunfo da chapa governista \u00e9 a presen\u00e7a confirmada do presidente Luiz In\u00e1cio Lula da Silva, que desembarca em Fortaleza para chancelar a alian\u00e7a e discursar ao lado de prefeitos, deputados e lideran\u00e7as regionais. <\/p>\n\n\n\n<p class=\"wp-block-paragraph\">Apesar do clima de festa da milit\u00e2ncia, a c\u00fapula do governo corre contra o tempo nos bastidores para fechar os acordos da chapa majorit\u00e1ria. Ainda h\u00e1 indefini\u00e7\u00e3o no Senado. Enquanto a vaga do senador Cid Gomes (PSB) para reelei\u00e7\u00e3o est\u00e1 consolidada, ainda existem profundas d\u00favidas e intensas negocia\u00e7\u00f5es sobre quem ocupar\u00e1 a segunda vaga ao Senado na coliga\u00e7\u00e3o.<\/p>\n\n\n\n<p class=\"wp-block-paragraph\">Paralelamente, o grupo governista acompanha com ansiedade o desfecho nos tribunais. Elmano aguarda o julgamento de uma a\u00e7\u00e3o no Tribunal Regional Eleitoral (TRE-CE) que pede a anula\u00e7\u00e3o da conven\u00e7\u00e3o da federa\u00e7\u00e3o Uni\u00e3o Progressista. Embora o comando da federa\u00e7\u00e3o tenha aprovado o apoio a Ciro Gomes, os diret\u00f3rios estaduais do Uni\u00e3o Brasil e do Progressistas (PP) realizaram atas paralelas e manifestaram o desejo de integrar formalmente o palanque do atual governador.<\/p>\n\n\n\n<p class=\"wp-block-paragraph\">No s\u00e1bado, dia 1\u00ba de agosto, \u00e9 a vez de Ciro Gomes comandar o ato do PSDB. O candidato caminha para ratificar o desenho de sua chapa majorit\u00e1ria de oposi\u00e7\u00e3o, que foi desenhada sob forte tensionamento com os dissidentes partid\u00e1rios. Ao contr\u00e1rio do que defendem os l\u00edderes das executivas estaduais do Uni\u00e3o Brasil e do PP, o bloco de Ciro chancelar\u00e1 a decis\u00e3o da executiva da federa\u00e7\u00e3o e confirmar\u00e1 as candidaturas a vice-governador do ex-prefeito de Fortaleza, Roberto Cl\u00e1udio (Uni\u00e3o). Para o Senado, Capit\u00e3o Wagner e o Pastor Alcides Fernandes (PL).<\/p>\n\n\n\n<p class=\"wp-block-paragraph\">A terceira via cearense tamb\u00e9m se move neste fim de semana. O senador Eduardo Gir\u00e3o confirmar\u00e1 oficialmente sua candidatura ao Governo do Estado pelo Partido Novo. Gir\u00e3o j\u00e1 admite publicamente que n\u00e3o contar\u00e1 com o apoio do bloco bolsonarista formal no Cear\u00e1. As principais lideran\u00e7as ligadas ao ex-presidente Jair Bolsonaro no estado preteriram a chapa pura do Novo e optaram por construir a alian\u00e7a majorit\u00e1ria ao lado de Ciro Gomes.<\/p>\n\n\n\n<figure class=\"wp-block-image size-large\"><img loading=\"lazy\" decoding=\"async\" width=\"1024\" height=\"576\" src=\"https:\/\/blogdorogeriogomes.com.br\/noticias\/wp-content\/uploads\/2026\/07\/apresentacao-tcc-geovanni-carvalho-1-d5dc2de7-1024x576.webp\" alt=\"\" class=\"wp-image-41568\" srcset=\"https:\/\/blogdorogeriogomes.com.br\/noticias\/wp-content\/uploads\/2026\/07\/apresentacao-tcc-geovanni-carvalho-1-d5dc2de7-1024x576.webp 1024w, https:\/\/blogdorogeriogomes.com.br\/noticias\/wp-content\/uploads\/2026\/07\/apresentacao-tcc-geovanni-carvalho-1-d5dc2de7-300x169.webp 300w, https:\/\/blogdorogeriogomes.com.br\/noticias\/wp-content\/uploads\/2026\/07\/apresentacao-tcc-geovanni-carvalho-1-d5dc2de7-768x432.webp 768w, https:\/\/blogdorogeriogomes.com.br\/noticias\/wp-content\/uploads\/2026\/07\/apresentacao-tcc-geovanni-carvalho-1-d5dc2de7-1536x864.webp 1536w, https:\/\/blogdorogeriogomes.com.br\/noticias\/wp-content\/uploads\/2026\/07\/apresentacao-tcc-geovanni-carvalho-1-d5dc2de7-800x450.webp 800w, https:\/\/blogdorogeriogomes.com.br\/noticias\/wp-content\/uploads\/2026\/07\/apresentacao-tcc-geovanni-carvalho-1-d5dc2de7.webp 1920w\" sizes=\"auto, (max-width: 1024px) 100vw, 1024px\" \/><\/figure>\n","protected":false},"excerpt":{"rendered":"<p>O cen\u00e1rio pol\u00edtico do Cear\u00e1 entra em sua fase mais aguda com a realiza\u00e7\u00e3o das principais conven\u00e7\u00f5es partid\u00e1rias neste fim de semana em Fortaleza. Os blocos liderados pelo atual governador Elmano de Freitas (PT) e pelo ex-ministro Ciro Gomes (PSDB) medem for\u00e7as na Capital, enquanto a terceira via tenta consolidar seu espa\u00e7o em meio a rachas e disputas judiciais de \u00faltima hora. O governador Elmano de Freitas oficializa sua candidatura \u00e0 reelei\u00e7\u00e3o na tarde desta sexta-feira, dia 31 de&hellip;<\/p>\n","protected":false},"author":1,"featured_media":41568,"comment_status":"open","ping_status":"open","sticky":false,"template":"","format":"standard","meta":{"footnotes":""},"categories":[1],"tags":[],"class_list":["post-41567","post","type-post","status-publish","format-standard","has-post-thumbnail","hentry","category-noticias"],"_links":{"self":[{"href":"https:\/\/blogdorogeriogomes.com.br\/noticias\/wp-json\/wp\/v2\/posts\/41567","targetHints":{"allow":["GET"]}}],"collection":[{"href":"https:\/\/blogdorogeriogomes.com.br\/noticias\/wp-json\/wp\/v2\/posts"}],"about":[{"href":"https:\/\/blogdorogeriogomes.com.br\/noticias\/wp-json\/wp\/v2\/types\/post"}],"author":[{"embeddable":true,"href":"https:\/\/blogdorogeriogomes.com.br\/noticias\/wp-json\/wp\/v2\/users\/1"}],"replies":[{"embeddable":true,"href":"https:\/\/blogdorogeriogomes.com.br\/noticias\/wp-json\/wp\/v2\/comments?post=41567"}],"version-history":[{"count":1,"href":"https:\/\/blogdorogeriogomes.com.br\/noticias\/wp-json\/wp\/v2\/posts\/41567\/revisions"}],"predecessor-version":[{"id":41569,"href":"https:\/\/blogdorogeriogomes.com.br\/noticias\/wp-json\/wp\/v2\/posts\/41567\/revisions\/41569"}],"wp:featuredmedia":[{"embeddable":true,"href":"https:\/\/blogdorogeriogomes.com.br\/noticias\/wp-json\/wp\/v2\/media\/41568"}],"wp:attachment":[{"href":"https:\/\/blogdorogeriogomes.com.br\/noticias\/wp-json\/wp\/v2\/media?parent=41567"}],"wp:term":[{"taxonomy":"category","embeddable":true,"href":"https:\/\/blogdorogeriogomes.com.br\/noticias\/wp-json\/wp\/v2\/categories?post=41567"},{"taxonomy":"post_tag","embeddable":true,"href":"https:\/\/blogdorogeriogomes.com.br\/noticias\/wp-json\/wp\/v2\/tags?post=41567"}],"curies":[{"name":"wp","href":"https:\/\/api.w.org\/{rel}","templated":true}]}}