{"id":41570,"date":"2026-07-31T11:04:07","date_gmt":"2026-07-31T11:04:07","guid":{"rendered":"https:\/\/blogdorogeriogomes.com.br\/noticias\/?p=41570"},"modified":"2026-07-31T11:04:07","modified_gmt":"2026-07-31T11:04:07","slug":"negociacoes-apontam-que-gabriella-aguiar-sera-vice-de-elmano-de-freitas-rede-oficializa-luizianne-lins-ao-senado","status":"publish","type":"post","link":"https:\/\/blogdorogeriogomes.com.br\/noticias\/2026\/07\/negociacoes-apontam-que-gabriella-aguiar-sera-vice-de-elmano-de-freitas-rede-oficializa-luizianne-lins-ao-senado\/","title":{"rendered":"Negocia\u00e7\u00f5es apontam que Gabriella Aguiar ser\u00e1 vice de Elmano de Freitas. Rede oficializa Luizianne Lins ao Senado"},"content":{"rendered":"\n<p class=\"wp-block-paragraph\">Reuni\u00e3o da base governista no Cear\u00e1 aponta que a vice-prefeita de Fortaleza, Gabriella Aguiar (PSD), ser\u00e1 a candidata a vice-governadora na chapa de reelei\u00e7\u00e3o de Elmano de Freitas (PT) nas elei\u00e7\u00f5es de 2026. O desenho majorit\u00e1rio do bloco governista avan\u00e7a no mesmo momento em que a Rede Sustentabilidade oficializou a deputada federal Luizianne Lins para o Senado, podendo manter a candidatura mesmo que fique fora da chapa oficial do governador.<\/p>\n\n\n\n<p class=\"wp-block-paragraph\">A indica\u00e7\u00e3o de Gabriella Aguiar foi selada em um encontro com as principais lideran\u00e7as do estado, incluindo o governador Elmano de Freitas, o senador Camilo Santana (PT) e o presidente do PSD Cear\u00e1, Domingos Filho, que \u00e9 pai da vice-prefeita. A expectativa \u00e9 de que o nome da m\u00e9dica geriatra e atual vice-prefeita da capital seja confirmado na conven\u00e7\u00e3o desta sexta-feira com a presen\u00e7a do presidente Lula.<\/p>\n\n\n\n<p class=\"wp-block-paragraph\">A escolha de Gabriella consolida o peso do PSD como a terceira for\u00e7a pol\u00edtica do estado, um pleito que vinha sendo defendido pela legenda ao longo dos \u00faltimos meses. Com a entrada dela na vaga de vice, o ex-secret\u00e1rio-chefe da Casa Civil, Chagas Vieira (PDT), desponta como favorito para assumir a segunda candidatura ao Senado na chapa governista, que j\u00e1 tem o senador Cid Gomes (PSB) buscando a reelei\u00e7\u00e3o.<\/p>\n\n\n\n<p class=\"wp-block-paragraph\">Paralelamente \u00e0s defini\u00e7\u00f5es do bloco governista, a Rede Sustentabilidade confirmou, em conven\u00e7\u00e3o estadual realizada em Fortaleza, a candidatura de Luizianne Lins ao Senado Federal. Ex-prefeita de Fortaleza e com 37 anos de trajet\u00f3ria no PT, a parlamentar migrou para a Rede em abril ap\u00f3s diverg\u00eancias internas no antigo partido.<\/p>\n\n\n\n<p class=\"wp-block-paragraph\">Em seu discurso, Luizianne adotou um tom incisivo e garantiu que n\u00e3o abrir\u00e1 m\u00e3o de disputar uma cadeira no Senado, independentemente de estar integrada ao palanque oficial de Elmano de Freitas. &#8220;Essa candidatura eu n\u00e3o abro m\u00e3o, inclusive, para onde eu for na chapa, sem chapa; do jeito que for, a coisa certa: eu sou a senadora do povo do Cear\u00e1&#8221;, declarou.<\/p>\n\n\n\n<p class=\"wp-block-paragraph\">A conven\u00e7\u00e3o da Rede aprovou que o apoio \u00e0 reelei\u00e7\u00e3o de Elmano de Freitas fica condicionado \u00e0 inclus\u00e3o de Luizianne na chapa majorit\u00e1ria do governo. Caso a alian\u00e7a formal n\u00e3o aconte\u00e7a, a Federa\u00e7\u00e3o PSOL-Rede avaliar\u00e1 se lan\u00e7ar\u00e1 candidatura pr\u00f3pria ao Pal\u00e1cio da Aboli\u00e7\u00e3o ou se seguir\u00e1 em voo isolado com a chapa de deputados e senadores.<\/p>\n\n\n\n<figure class=\"wp-block-image size-large\"><img loading=\"lazy\" decoding=\"async\" width=\"819\" height=\"1024\" src=\"https:\/\/blogdorogeriogomes.com.br\/noticias\/wp-content\/uploads\/2026\/07\/IMG-20260731-WA0031-819x1024.jpg\" alt=\"\" class=\"wp-image-41571\" srcset=\"https:\/\/blogdorogeriogomes.com.br\/noticias\/wp-content\/uploads\/2026\/07\/IMG-20260731-WA0031-819x1024.jpg 819w, https:\/\/blogdorogeriogomes.com.br\/noticias\/wp-content\/uploads\/2026\/07\/IMG-20260731-WA0031-240x300.jpg 240w, https:\/\/blogdorogeriogomes.com.br\/noticias\/wp-content\/uploads\/2026\/07\/IMG-20260731-WA0031-768x960.jpg 768w, https:\/\/blogdorogeriogomes.com.br\/noticias\/wp-content\/uploads\/2026\/07\/IMG-20260731-WA0031-800x1000.jpg 800w, https:\/\/blogdorogeriogomes.com.br\/noticias\/wp-content\/uploads\/2026\/07\/IMG-20260731-WA0031.jpg 1080w\" sizes=\"auto, (max-width: 819px) 100vw, 819px\" \/><\/figure>\n","protected":false},"excerpt":{"rendered":"<p>Reuni\u00e3o da base governista no Cear\u00e1 aponta que a vice-prefeita de Fortaleza, Gabriella Aguiar (PSD), ser\u00e1 a candidata a vice-governadora na chapa de reelei\u00e7\u00e3o de Elmano de Freitas (PT) nas elei\u00e7\u00f5es de 2026. O desenho majorit\u00e1rio do bloco governista avan\u00e7a no mesmo momento em que a Rede Sustentabilidade oficializou a deputada federal Luizianne Lins para o Senado, podendo manter a candidatura mesmo que fique fora da chapa oficial do governador. A indica\u00e7\u00e3o de Gabriella Aguiar foi selada em um&hellip;<\/p>\n","protected":false},"author":1,"featured_media":41571,"comment_status":"open","ping_status":"open","sticky":false,"template":"","format":"standard","meta":{"footnotes":""},"categories":[1],"tags":[],"class_list":["post-41570","post","type-post","status-publish","format-standard","has-post-thumbnail","hentry","category-noticias"],"_links":{"self":[{"href":"https:\/\/blogdorogeriogomes.com.br\/noticias\/wp-json\/wp\/v2\/posts\/41570","targetHints":{"allow":["GET"]}}],"collection":[{"href":"https:\/\/blogdorogeriogomes.com.br\/noticias\/wp-json\/wp\/v2\/posts"}],"about":[{"href":"https:\/\/blogdorogeriogomes.com.br\/noticias\/wp-json\/wp\/v2\/types\/post"}],"author":[{"embeddable":true,"href":"https:\/\/blogdorogeriogomes.com.br\/noticias\/wp-json\/wp\/v2\/users\/1"}],"replies":[{"embeddable":true,"href":"https:\/\/blogdorogeriogomes.com.br\/noticias\/wp-json\/wp\/v2\/comments?post=41570"}],"version-history":[{"count":1,"href":"https:\/\/blogdorogeriogomes.com.br\/noticias\/wp-json\/wp\/v2\/posts\/41570\/revisions"}],"predecessor-version":[{"id":41572,"href":"https:\/\/blogdorogeriogomes.com.br\/noticias\/wp-json\/wp\/v2\/posts\/41570\/revisions\/41572"}],"wp:featuredmedia":[{"embeddable":true,"href":"https:\/\/blogdorogeriogomes.com.br\/noticias\/wp-json\/wp\/v2\/media\/41571"}],"wp:attachment":[{"href":"https:\/\/blogdorogeriogomes.com.br\/noticias\/wp-json\/wp\/v2\/media?parent=41570"}],"wp:term":[{"taxonomy":"category","embeddable":true,"href":"https:\/\/blogdorogeriogomes.com.br\/noticias\/wp-json\/wp\/v2\/categories?post=41570"},{"taxonomy":"post_tag","embeddable":true,"href":"https:\/\/blogdorogeriogomes.com.br\/noticias\/wp-json\/wp\/v2\/tags?post=41570"}],"curies":[{"name":"wp","href":"https:\/\/api.w.org\/{rel}","templated":true}]}}