{"id":41573,"date":"2026-07-31T11:25:32","date_gmt":"2026-07-31T11:25:32","guid":{"rendered":"https:\/\/blogdorogeriogomes.com.br\/noticias\/?p=41573"},"modified":"2026-07-31T11:25:33","modified_gmt":"2026-07-31T11:25:33","slug":"lula-visita-hospital-universitario-do-ceara-antes-de-convencao-de-elmano-de-freitas-em-fortaleza","status":"publish","type":"post","link":"https:\/\/blogdorogeriogomes.com.br\/noticias\/2026\/07\/lula-visita-hospital-universitario-do-ceara-antes-de-convencao-de-elmano-de-freitas-em-fortaleza\/","title":{"rendered":"Lula visita Hospital Universit\u00e1rio do Cear\u00e1 antes de conven\u00e7\u00e3o de Elmano de Freitas em Fortaleza"},"content":{"rendered":"\n<p class=\"wp-block-paragraph\">O presidente da Rep\u00fablica, Luiz In\u00e1cio Lula da Silva, cumpre agenda oficial em Fortaleza nesta sexta-feira, dia 31 de julho, com uma visita programada \u00e0s instala\u00e7\u00f5es do Hospital Universit\u00e1rio do Cear\u00e1 (HUC), \u00e0s 17 horas. O compromisso na \u00e1rea da sa\u00fade p\u00fablica ocorre poucas horas antes de o chefe do Executivo comparecer \u00e0 Conven\u00e7\u00e3o Estadual da Federa\u00e7\u00e3o Brasil da Esperan\u00e7a, sediada no Centro de Eventos do Cear\u00e1, que oficializar\u00e1 a campanha de reelei\u00e7\u00e3o do governador Elmano de Freitas.<\/p>\n\n\n\n<p class=\"wp-block-paragraph\">A comitiva presidencial contar\u00e1 com a participa\u00e7\u00e3o direta do ministro da Educa\u00e7\u00e3o, Leonardo Barchini, do ministro da Sa\u00fade, Alexandre Padilha, e do ministro da Secretaria de Rela\u00e7\u00f5es Institucionais, Jos\u00e9 Guimar\u00e3es.<\/p>\n\n\n\n<p class=\"wp-block-paragraph\">Inaugurado em 19 de mar\u00e7o de 2025 pelo pr\u00f3prio presidente Lula, o Hospital Universit\u00e1rio do Cear\u00e1, localizado no bairro Itaperi, consolidou-se como uma das principais refer\u00eancias em assist\u00eancia terci\u00e1ria de alta complexidade no Nordeste. <\/p>\n\n\n\n<p class=\"wp-block-paragraph\">Os balan\u00e7os oficiais divulgados pela Secretaria da Sa\u00fade do Cear\u00e1 (Sesa) evidenciam a r\u00e1pida expans\u00e3o da capacidade operacional da unidade 100% voltada ao Sistema \u00danico de Sa\u00fade (SUS). No primeiro ano de atividades (mar\u00e7o\/2025 a mar\u00e7o\/2026), o hospital ultrapassou a marca hist\u00f3rica de 125 mil atendimentos, registrando um total de 15.478 procedimentos cir\u00fargicos que beneficiaram diretamente milhares de pacientes de Fortaleza e do interior do estado.<\/p>\n\n\n\n<p class=\"wp-block-paragraph\">Com apenas nove meses de funcionamento, a unidade j\u00e1 contabilizava mais de 74 mil atendimentos acumulados e 10.825 cirurgias. Atualmente, a megaestrutura do complexo hospitalar de 78,6 mil metros quadrados conta com centenas de leitos ativos distribu\u00eddos estrategicamente em tr\u00eas torres (Cl\u00ednica, Cir\u00fargica e Materno-Infantil). O hospital oferece atendimento regulado em 16 especialidades m\u00e9dicas cruciais, com forte demanda nas \u00e1reas de oncologia, ortopedia e cirurgia vascular.<\/p>\n\n\n\n<figure class=\"wp-block-image size-full\"><img loading=\"lazy\" decoding=\"async\" width=\"1023\" height=\"485\" src=\"https:\/\/blogdorogeriogomes.com.br\/noticias\/wp-content\/uploads\/2026\/07\/54397648686-bc11f998fe-bjpg-ir6xtz26kr.jpg\" alt=\"\" class=\"wp-image-41574\" srcset=\"https:\/\/blogdorogeriogomes.com.br\/noticias\/wp-content\/uploads\/2026\/07\/54397648686-bc11f998fe-bjpg-ir6xtz26kr.jpg 1023w, https:\/\/blogdorogeriogomes.com.br\/noticias\/wp-content\/uploads\/2026\/07\/54397648686-bc11f998fe-bjpg-ir6xtz26kr-300x142.jpg 300w, https:\/\/blogdorogeriogomes.com.br\/noticias\/wp-content\/uploads\/2026\/07\/54397648686-bc11f998fe-bjpg-ir6xtz26kr-768x364.jpg 768w, https:\/\/blogdorogeriogomes.com.br\/noticias\/wp-content\/uploads\/2026\/07\/54397648686-bc11f998fe-bjpg-ir6xtz26kr-800x379.jpg 800w\" sizes=\"auto, (max-width: 1023px) 100vw, 1023px\" \/><\/figure>\n","protected":false},"excerpt":{"rendered":"<p>O presidente da Rep\u00fablica, Luiz In\u00e1cio Lula da Silva, cumpre agenda oficial em Fortaleza nesta sexta-feira, dia 31 de julho, com uma visita programada \u00e0s instala\u00e7\u00f5es do Hospital Universit\u00e1rio do Cear\u00e1 (HUC), \u00e0s 17 horas. O compromisso na \u00e1rea da sa\u00fade p\u00fablica ocorre poucas horas antes de o chefe do Executivo comparecer \u00e0 Conven\u00e7\u00e3o Estadual da Federa\u00e7\u00e3o Brasil da Esperan\u00e7a, sediada no Centro de Eventos do Cear\u00e1, que oficializar\u00e1 a campanha de reelei\u00e7\u00e3o do governador Elmano de Freitas. A&hellip;<\/p>\n","protected":false},"author":1,"featured_media":41574,"comment_status":"open","ping_status":"open","sticky":false,"template":"","format":"standard","meta":{"footnotes":""},"categories":[1],"tags":[],"class_list":["post-41573","post","type-post","status-publish","format-standard","has-post-thumbnail","hentry","category-noticias"],"_links":{"self":[{"href":"https:\/\/blogdorogeriogomes.com.br\/noticias\/wp-json\/wp\/v2\/posts\/41573","targetHints":{"allow":["GET"]}}],"collection":[{"href":"https:\/\/blogdorogeriogomes.com.br\/noticias\/wp-json\/wp\/v2\/posts"}],"about":[{"href":"https:\/\/blogdorogeriogomes.com.br\/noticias\/wp-json\/wp\/v2\/types\/post"}],"author":[{"embeddable":true,"href":"https:\/\/blogdorogeriogomes.com.br\/noticias\/wp-json\/wp\/v2\/users\/1"}],"replies":[{"embeddable":true,"href":"https:\/\/blogdorogeriogomes.com.br\/noticias\/wp-json\/wp\/v2\/comments?post=41573"}],"version-history":[{"count":1,"href":"https:\/\/blogdorogeriogomes.com.br\/noticias\/wp-json\/wp\/v2\/posts\/41573\/revisions"}],"predecessor-version":[{"id":41575,"href":"https:\/\/blogdorogeriogomes.com.br\/noticias\/wp-json\/wp\/v2\/posts\/41573\/revisions\/41575"}],"wp:featuredmedia":[{"embeddable":true,"href":"https:\/\/blogdorogeriogomes.com.br\/noticias\/wp-json\/wp\/v2\/media\/41574"}],"wp:attachment":[{"href":"https:\/\/blogdorogeriogomes.com.br\/noticias\/wp-json\/wp\/v2\/media?parent=41573"}],"wp:term":[{"taxonomy":"category","embeddable":true,"href":"https:\/\/blogdorogeriogomes.com.br\/noticias\/wp-json\/wp\/v2\/categories?post=41573"},{"taxonomy":"post_tag","embeddable":true,"href":"https:\/\/blogdorogeriogomes.com.br\/noticias\/wp-json\/wp\/v2\/tags?post=41573"}],"curies":[{"name":"wp","href":"https:\/\/api.w.org\/{rel}","templated":true}]}}