{"id":41576,"date":"2026-07-31T13:32:26","date_gmt":"2026-07-31T13:32:26","guid":{"rendered":"https:\/\/blogdorogeriogomes.com.br\/noticias\/?p=41576"},"modified":"2026-07-31T13:32:27","modified_gmt":"2026-07-31T13:32:27","slug":"leo-couto-convoca-nova-turma-de-aprovados-em-concurso-da-camara-municipal-de-fortaleza","status":"publish","type":"post","link":"https:\/\/blogdorogeriogomes.com.br\/noticias\/2026\/07\/leo-couto-convoca-nova-turma-de-aprovados-em-concurso-da-camara-municipal-de-fortaleza\/","title":{"rendered":"Leo Couto convoca nova turma de aprovados em concurso da C\u00e2mara Municipal de Fortaleza"},"content":{"rendered":"\n<p class=\"wp-block-paragraph\">O presidente da C\u00e2mara Municipal de Fortaleza (CMFor), Leo Couto (PSB), convocou 10 novos aprovados no concurso p\u00fablico da Casa. A lista dos convocados est\u00e1 dispon\u00edvel no Edital de Convoca\u00e7\u00e3o 01\/2026, publicado no Di\u00e1rio Oficial do Munic\u00edpio (DOM) da \u00faltima quinta-feira, dia 30 de julho. <\/p>\n\n\n\n<p class=\"wp-block-paragraph\">Esta nova etapa de chamamentos respeita a decis\u00e3o liminar da Justi\u00e7a do Cear\u00e1, que suspendeu temporariamente a nomea\u00e7\u00e3o para oito fun\u00e7\u00f5es do certame. Segundo Leo Couto, a medida refor\u00e7a o quadro efetivo de servidores dentro da legalidade. <\/p>\n\n\n\n<p class=\"wp-block-paragraph\">Com as novas contrata\u00e7\u00f5es, a CMFor atinge o preenchimento de 60% das 78 vagas ofertadas. O edital atual detalha o cronograma para envio de documentos e exames m\u00e9dicos.<\/p>\n\n\n\n<p class=\"wp-block-paragraph\">Os cargos convocados s\u00e3o: Analista de Gest\u00e3o de Pessoas; Analista de Inform\u00e1tica; Analista de Comunica\u00e7\u00e3o Social e Consultor Legislativo (Or\u00e7amento e Finan\u00e7as \/ Sa\u00fade P\u00fablica\/Educa\u00e7\u00e3o, Cultura e Esporte\/Direitos Humanos\/Meio Ambiente e Urbanismo)<\/p>\n\n\n\n<p class=\"wp-block-paragraph\">Em 2025, a C\u00e2mara Municipal de Fortaleza j\u00e1 havia convocado 49 candidatos para suprir desist\u00eancias e preencher as primeiras 39 vagas.<\/p>\n\n\n\n<figure class=\"wp-block-image size-full\"><img loading=\"lazy\" decoding=\"async\" width=\"799\" height=\"533\" src=\"https:\/\/blogdorogeriogomes.com.br\/noticias\/wp-content\/uploads\/2026\/07\/54693574025_6862e96df0_c-1.jpg\" alt=\"\" class=\"wp-image-41577\" srcset=\"https:\/\/blogdorogeriogomes.com.br\/noticias\/wp-content\/uploads\/2026\/07\/54693574025_6862e96df0_c-1.jpg 799w, https:\/\/blogdorogeriogomes.com.br\/noticias\/wp-content\/uploads\/2026\/07\/54693574025_6862e96df0_c-1-300x200.jpg 300w, https:\/\/blogdorogeriogomes.com.br\/noticias\/wp-content\/uploads\/2026\/07\/54693574025_6862e96df0_c-1-768x512.jpg 768w\" sizes=\"auto, (max-width: 799px) 100vw, 799px\" \/><\/figure>\n","protected":false},"excerpt":{"rendered":"<p>O presidente da C\u00e2mara Municipal de Fortaleza (CMFor), Leo Couto (PSB), convocou 10 novos aprovados no concurso p\u00fablico da Casa. A lista dos convocados est\u00e1 dispon\u00edvel no Edital de Convoca\u00e7\u00e3o 01\/2026, publicado no Di\u00e1rio Oficial do Munic\u00edpio (DOM) da \u00faltima quinta-feira, dia 30 de julho. Esta nova etapa de chamamentos respeita a decis\u00e3o liminar da Justi\u00e7a do Cear\u00e1, que suspendeu temporariamente a nomea\u00e7\u00e3o para oito fun\u00e7\u00f5es do certame. Segundo Leo Couto, a medida refor\u00e7a o quadro efetivo de servidores&hellip;<\/p>\n","protected":false},"author":1,"featured_media":41577,"comment_status":"open","ping_status":"open","sticky":false,"template":"","format":"standard","meta":{"footnotes":""},"categories":[1],"tags":[],"class_list":["post-41576","post","type-post","status-publish","format-standard","has-post-thumbnail","hentry","category-noticias"],"_links":{"self":[{"href":"https:\/\/blogdorogeriogomes.com.br\/noticias\/wp-json\/wp\/v2\/posts\/41576","targetHints":{"allow":["GET"]}}],"collection":[{"href":"https:\/\/blogdorogeriogomes.com.br\/noticias\/wp-json\/wp\/v2\/posts"}],"about":[{"href":"https:\/\/blogdorogeriogomes.com.br\/noticias\/wp-json\/wp\/v2\/types\/post"}],"author":[{"embeddable":true,"href":"https:\/\/blogdorogeriogomes.com.br\/noticias\/wp-json\/wp\/v2\/users\/1"}],"replies":[{"embeddable":true,"href":"https:\/\/blogdorogeriogomes.com.br\/noticias\/wp-json\/wp\/v2\/comments?post=41576"}],"version-history":[{"count":1,"href":"https:\/\/blogdorogeriogomes.com.br\/noticias\/wp-json\/wp\/v2\/posts\/41576\/revisions"}],"predecessor-version":[{"id":41578,"href":"https:\/\/blogdorogeriogomes.com.br\/noticias\/wp-json\/wp\/v2\/posts\/41576\/revisions\/41578"}],"wp:featuredmedia":[{"embeddable":true,"href":"https:\/\/blogdorogeriogomes.com.br\/noticias\/wp-json\/wp\/v2\/media\/41577"}],"wp:attachment":[{"href":"https:\/\/blogdorogeriogomes.com.br\/noticias\/wp-json\/wp\/v2\/media?parent=41576"}],"wp:term":[{"taxonomy":"category","embeddable":true,"href":"https:\/\/blogdorogeriogomes.com.br\/noticias\/wp-json\/wp\/v2\/categories?post=41576"},{"taxonomy":"post_tag","embeddable":true,"href":"https:\/\/blogdorogeriogomes.com.br\/noticias\/wp-json\/wp\/v2\/tags?post=41576"}],"curies":[{"name":"wp","href":"https:\/\/api.w.org\/{rel}","templated":true}]}}