{"id":41579,"date":"2026-08-01T03:26:40","date_gmt":"2026-08-01T03:26:40","guid":{"rendered":"https:\/\/blogdorogeriogomes.com.br\/noticias\/?p=41579"},"modified":"2026-08-01T03:26:40","modified_gmt":"2026-08-01T03:26:40","slug":"em-convencao-de-peso-politico-com-lula-pt-oficializa-elmano-de-freitas-e-gabriella-aguiar-para-o-governo-do-ceara","status":"publish","type":"post","link":"https:\/\/blogdorogeriogomes.com.br\/noticias\/2026\/08\/em-convencao-de-peso-politico-com-lula-pt-oficializa-elmano-de-freitas-e-gabriella-aguiar-para-o-governo-do-ceara\/","title":{"rendered":"Em conven\u00e7\u00e3o de peso pol\u00edtico com Lula, PT oficializa Elmano de Freitas e Gabriella Aguiar para o Governo do Cear\u00e1"},"content":{"rendered":"\n<p class=\"wp-block-paragraph\">O Partido dos Trabalhadores (PT) oficializou a candidatura do governador Elmano de Freitas \u00e0 reelei\u00e7\u00e3o para o Governo do Cear\u00e1. O an\u00fancio ocorreu na noite desta sexta-feira, dia 31 de julho, durante a conven\u00e7\u00e3o da Federa\u00e7\u00e3o Brasil da Esperan\u00e7a (formada por PT, PCdoB e PV) realizada no Centro de Eventos do Cear\u00e1, em Fortaleza. A chapa governista ter\u00e1 a m\u00e9dica geriatra e atual vice-prefeita de Fortaleza, Gabriella Aguiar (PSD), como candidata a vice-governadora.<\/p>\n\n\n\n<p class=\"wp-block-paragraph\">O evento consolidou o favoritismo do grupo governista por meio de uma massiva demonstra\u00e7\u00e3o de uni\u00e3o. O palanque principal reuniu os maiores nomes da alian\u00e7a e do cen\u00e1rio pol\u00edtico nacional. O presidente Lula (PT) compareceu pessoalmente para selar o apoio integral do Pal\u00e1cio do Planalto. Em seu discurso, convocou a milit\u00e2ncia ao debate e defendeu o legado de avan\u00e7os estruturais e sociais no estado.<\/p>\n\n\n\n<p class=\"wp-block-paragraph\">O senador Camilo Santana (PT), ex-ministro da Educa\u00e7\u00e3o e ex-governador, subiu ao palco de m\u00e3os dadas com Elmano, destacando as entregas da atual gest\u00e3o na educa\u00e7\u00e3o e sa\u00fade. J\u00e1 Cid Gomes (PSB) teve sua candidatura \u00e0 reelei\u00e7\u00e3o para o Senado homologada na mesma chapa. Em sua fala, ressaltou o esp\u00edrito coletivo do &#8220;time&#8221;, recha\u00e7ando projetos individuais ou vaidades.<\/p>\n\n\n\n<p class=\"wp-block-paragraph\">Mais de 150 prefeitos e lideran\u00e7as municipais vindas de todas as regi\u00f5es do interior cearense compareceram ao ato pol\u00edtico, simbolizando forte controle da base governista no territ\u00f3rio estadual.<\/p>\n\n\n\n<p class=\"wp-block-paragraph\">Apesar de confirmar a cabe\u00e7a de chapa com Elmano e Gabriella, e carimbar a primeira indica\u00e7\u00e3o ao Senado com Cid Gomes, a coliga\u00e7\u00e3o governista ainda precisa fechar sua chapa majorit\u00e1ria para as urnas de outubro. O segundo nome para o Senado Federal segue sem defini\u00e7\u00e3o e abriu uma intensa disputa de bastidores na base. Al\u00e9m do ex-senador Eun\u00edcio Oliveira (MDB) e Luizianne Lins (Rede), o cen\u00e1rio ganhou novos contornos com a entrada definitiva de Chagas Vieira (PDT), ex-secret\u00e1rio da Casa Civil, na briga pela concorrida vaga. <\/p>\n\n\n\n<figure class=\"wp-block-image size-large\"><img loading=\"lazy\" decoding=\"async\" width=\"1024\" height=\"701\" src=\"https:\/\/blogdorogeriogomes.com.br\/noticias\/wp-content\/uploads\/2026\/08\/IMG-20260801-WA0000-1024x701.jpg\" alt=\"\" class=\"wp-image-41580\" srcset=\"https:\/\/blogdorogeriogomes.com.br\/noticias\/wp-content\/uploads\/2026\/08\/IMG-20260801-WA0000-1024x701.jpg 1024w, https:\/\/blogdorogeriogomes.com.br\/noticias\/wp-content\/uploads\/2026\/08\/IMG-20260801-WA0000-300x206.jpg 300w, https:\/\/blogdorogeriogomes.com.br\/noticias\/wp-content\/uploads\/2026\/08\/IMG-20260801-WA0000-768x526.jpg 768w, https:\/\/blogdorogeriogomes.com.br\/noticias\/wp-content\/uploads\/2026\/08\/IMG-20260801-WA0000-1536x1052.jpg 1536w, https:\/\/blogdorogeriogomes.com.br\/noticias\/wp-content\/uploads\/2026\/08\/IMG-20260801-WA0000-800x548.jpg 800w, https:\/\/blogdorogeriogomes.com.br\/noticias\/wp-content\/uploads\/2026\/08\/IMG-20260801-WA0000.jpg 1600w\" sizes=\"auto, (max-width: 1024px) 100vw, 1024px\" \/><\/figure>\n\n\n\n<p class=\"wp-block-paragraph\"><\/p>\n","protected":false},"excerpt":{"rendered":"<p>O Partido dos Trabalhadores (PT) oficializou a candidatura do governador Elmano de Freitas \u00e0 reelei\u00e7\u00e3o para o Governo do Cear\u00e1. O an\u00fancio ocorreu na noite desta sexta-feira, dia 31 de julho, durante a conven\u00e7\u00e3o da Federa\u00e7\u00e3o Brasil da Esperan\u00e7a (formada por PT, PCdoB e PV) realizada no Centro de Eventos do Cear\u00e1, em Fortaleza. A chapa governista ter\u00e1 a m\u00e9dica geriatra e atual vice-prefeita de Fortaleza, Gabriella Aguiar (PSD), como candidata a vice-governadora. O evento consolidou o favoritismo do&hellip;<\/p>\n","protected":false},"author":1,"featured_media":41580,"comment_status":"open","ping_status":"open","sticky":false,"template":"","format":"standard","meta":{"footnotes":""},"categories":[1],"tags":[],"class_list":["post-41579","post","type-post","status-publish","format-standard","has-post-thumbnail","hentry","category-noticias"],"_links":{"self":[{"href":"https:\/\/blogdorogeriogomes.com.br\/noticias\/wp-json\/wp\/v2\/posts\/41579","targetHints":{"allow":["GET"]}}],"collection":[{"href":"https:\/\/blogdorogeriogomes.com.br\/noticias\/wp-json\/wp\/v2\/posts"}],"about":[{"href":"https:\/\/blogdorogeriogomes.com.br\/noticias\/wp-json\/wp\/v2\/types\/post"}],"author":[{"embeddable":true,"href":"https:\/\/blogdorogeriogomes.com.br\/noticias\/wp-json\/wp\/v2\/users\/1"}],"replies":[{"embeddable":true,"href":"https:\/\/blogdorogeriogomes.com.br\/noticias\/wp-json\/wp\/v2\/comments?post=41579"}],"version-history":[{"count":1,"href":"https:\/\/blogdorogeriogomes.com.br\/noticias\/wp-json\/wp\/v2\/posts\/41579\/revisions"}],"predecessor-version":[{"id":41581,"href":"https:\/\/blogdorogeriogomes.com.br\/noticias\/wp-json\/wp\/v2\/posts\/41579\/revisions\/41581"}],"wp:featuredmedia":[{"embeddable":true,"href":"https:\/\/blogdorogeriogomes.com.br\/noticias\/wp-json\/wp\/v2\/media\/41580"}],"wp:attachment":[{"href":"https:\/\/blogdorogeriogomes.com.br\/noticias\/wp-json\/wp\/v2\/media?parent=41579"}],"wp:term":[{"taxonomy":"category","embeddable":true,"href":"https:\/\/blogdorogeriogomes.com.br\/noticias\/wp-json\/wp\/v2\/categories?post=41579"},{"taxonomy":"post_tag","embeddable":true,"href":"https:\/\/blogdorogeriogomes.com.br\/noticias\/wp-json\/wp\/v2\/tags?post=41579"}],"curies":[{"name":"wp","href":"https:\/\/api.w.org\/{rel}","templated":true}]}}