{"id":41582,"date":"2026-08-02T12:43:19","date_gmt":"2026-08-02T12:43:19","guid":{"rendered":"https:\/\/blogdorogeriogomes.com.br\/noticias\/?p=41582"},"modified":"2026-08-02T12:51:38","modified_gmt":"2026-08-02T12:51:38","slug":"ciro-gomes-oficializa-candidatura-ao-governo-do-ceara-em-ato-politico-no-marina-park","status":"publish","type":"post","link":"https:\/\/blogdorogeriogomes.com.br\/noticias\/2026\/08\/ciro-gomes-oficializa-candidatura-ao-governo-do-ceara-em-ato-politico-no-marina-park\/","title":{"rendered":"Ciro Gomes oficializa candidatura ao Governo do Cear\u00e1 em ato pol\u00edtico no Marina Park"},"content":{"rendered":"\n<p class=\"wp-block-paragraph\">A Federa\u00e7\u00e3o PSDB-Cidadania realizou neste s\u00e1bado, dia 1\u00ba de agosto, no Marina Park Hotel, em Fortaleza, o ato de lan\u00e7amento oficial da candidatura de Ciro Gomes (PSDB) ao Governo do Cear\u00e1. O evento de grande mobiliza\u00e7\u00e3o consolidou a chapa de oposi\u00e7\u00e3o &#8220;Coliga\u00e7\u00e3o Unir para Mudar&#8221;, tendo o ex-prefeito Roberto Cl\u00e1udio (Uni\u00e3o Brasil) como candidato a vice-governador e os nomes de Capit\u00e3o Wagner (Uni\u00e3o Brasil) e Alcides Fernandes (PL) ao Senado Federal. A noite foi marcada pelos desdobramentos da crise familiar e pol\u00edtica dos Ferreira Gomes. O ex-prefeito de Sobral, Ivo Gomes (PSB), compareceu ao evento para chancelar seu apoio a Ciro e disparou cr\u00edticas contra o outro irm\u00e3o, o senador Cid Gomes (PSB), expondo publicamente o racha na tradicional fam\u00edlia sobralense. O ex-senador Tasso Jereissati (PSDB) tamb\u00e9m esteve no evento prestigiando o ex-ministro Ciro Gomes.<\/p>\n\n\n\n<p class=\"wp-block-paragraph\">Em entrevista e discursos concedidos durante o evento em Fortaleza, Ivo Gomes n\u00e3o poupou palavras ao comentar o distanciamento de Cid Gomes, que optou por se manter aliado \u00e0 base do governador Elmano de Freitas (PT). De forma enf\u00e1tica, Ivo afirmou estar &#8220;desconhecendo&#8221; o senador. &#8220;Eu estou vendo que o que est\u00e1 movendo o Cid agora n\u00e3o \u00e9 mais o bem do Cear\u00e1. O que eu estou observando que est\u00e1 movendo o Cid \u00e9 derrotar o Ciro. Porque ele se transformou agora numa pessoa manipulada pelo Camilo [Santana], n\u00e9? N\u00e3o sei por que isso est\u00e1 acontecendo, eu n\u00e3o estou conhecendo mais o Cid, sinceramente&#8221;, desabafou o ex-prefeito de Sobral.<\/p>\n\n\n\n<p class=\"wp-block-paragraph\">Ivo acrescentou que Cid se tornou o &#8220;maior impeditivo&#8221; para a uni\u00e3o da fam\u00edlia nesta campanha. Apesar de cravar voto em Ciro para o governo e declarar apoio a Lula para a presid\u00eancia, Ivo pontuou que deixar\u00e1 em aberto seu posicionamento para o Senado, rejeitando votar tanto na chapa governista de Cid quanto nos candidatos da alian\u00e7a do PSDB (Capit\u00e3o Wagner e Pastor Alcides).<\/p>\n\n\n\n<figure class=\"wp-block-image size-large\"><img loading=\"lazy\" decoding=\"async\" width=\"1024\" height=\"576\" src=\"https:\/\/blogdorogeriogomes.com.br\/noticias\/wp-content\/uploads\/2026\/08\/image-1024x576.webp\" alt=\"\" class=\"wp-image-41583\" srcset=\"https:\/\/blogdorogeriogomes.com.br\/noticias\/wp-content\/uploads\/2026\/08\/image-1024x576.webp 1024w, https:\/\/blogdorogeriogomes.com.br\/noticias\/wp-content\/uploads\/2026\/08\/image-300x169.webp 300w, https:\/\/blogdorogeriogomes.com.br\/noticias\/wp-content\/uploads\/2026\/08\/image-768x432.webp 768w, https:\/\/blogdorogeriogomes.com.br\/noticias\/wp-content\/uploads\/2026\/08\/image-800x450.webp 800w, https:\/\/blogdorogeriogomes.com.br\/noticias\/wp-content\/uploads\/2026\/08\/image.webp 1031w\" sizes=\"auto, (max-width: 1024px) 100vw, 1024px\" \/><\/figure>\n","protected":false},"excerpt":{"rendered":"<p>A Federa\u00e7\u00e3o PSDB-Cidadania realizou neste s\u00e1bado, dia 1\u00ba de agosto, no Marina Park Hotel, em Fortaleza, o ato de lan\u00e7amento oficial da candidatura de Ciro Gomes (PSDB) ao Governo do Cear\u00e1. O evento de grande mobiliza\u00e7\u00e3o consolidou a chapa de oposi\u00e7\u00e3o &#8220;Coliga\u00e7\u00e3o Unir para Mudar&#8221;, tendo o ex-prefeito Roberto Cl\u00e1udio (Uni\u00e3o Brasil) como candidato a vice-governador e os nomes de Capit\u00e3o Wagner (Uni\u00e3o Brasil) e Alcides Fernandes (PL) ao Senado Federal. A noite foi marcada pelos desdobramentos da crise&hellip;<\/p>\n","protected":false},"author":1,"featured_media":41583,"comment_status":"open","ping_status":"open","sticky":false,"template":"","format":"standard","meta":{"footnotes":""},"categories":[1],"tags":[],"class_list":["post-41582","post","type-post","status-publish","format-standard","has-post-thumbnail","hentry","category-noticias"],"_links":{"self":[{"href":"https:\/\/blogdorogeriogomes.com.br\/noticias\/wp-json\/wp\/v2\/posts\/41582","targetHints":{"allow":["GET"]}}],"collection":[{"href":"https:\/\/blogdorogeriogomes.com.br\/noticias\/wp-json\/wp\/v2\/posts"}],"about":[{"href":"https:\/\/blogdorogeriogomes.com.br\/noticias\/wp-json\/wp\/v2\/types\/post"}],"author":[{"embeddable":true,"href":"https:\/\/blogdorogeriogomes.com.br\/noticias\/wp-json\/wp\/v2\/users\/1"}],"replies":[{"embeddable":true,"href":"https:\/\/blogdorogeriogomes.com.br\/noticias\/wp-json\/wp\/v2\/comments?post=41582"}],"version-history":[{"count":2,"href":"https:\/\/blogdorogeriogomes.com.br\/noticias\/wp-json\/wp\/v2\/posts\/41582\/revisions"}],"predecessor-version":[{"id":41585,"href":"https:\/\/blogdorogeriogomes.com.br\/noticias\/wp-json\/wp\/v2\/posts\/41582\/revisions\/41585"}],"wp:featuredmedia":[{"embeddable":true,"href":"https:\/\/blogdorogeriogomes.com.br\/noticias\/wp-json\/wp\/v2\/media\/41583"}],"wp:attachment":[{"href":"https:\/\/blogdorogeriogomes.com.br\/noticias\/wp-json\/wp\/v2\/media?parent=41582"}],"wp:term":[{"taxonomy":"category","embeddable":true,"href":"https:\/\/blogdorogeriogomes.com.br\/noticias\/wp-json\/wp\/v2\/categories?post=41582"},{"taxonomy":"post_tag","embeddable":true,"href":"https:\/\/blogdorogeriogomes.com.br\/noticias\/wp-json\/wp\/v2\/tags?post=41582"}],"curies":[{"name":"wp","href":"https:\/\/api.w.org\/{rel}","templated":true}]}}