{"id":41586,"date":"2026-08-03T11:06:28","date_gmt":"2026-08-03T11:06:28","guid":{"rendered":"https:\/\/blogdorogeriogomes.com.br\/noticias\/?p=41586"},"modified":"2026-08-03T11:06:28","modified_gmt":"2026-08-03T11:06:28","slug":"alianca-de-centro-esquerda-homologa-lula-e-alckmin-a-reeleicao-com-as-bandeiras-da-democracia-e-da-soberania","status":"publish","type":"post","link":"https:\/\/blogdorogeriogomes.com.br\/noticias\/2026\/08\/alianca-de-centro-esquerda-homologa-lula-e-alckmin-a-reeleicao-com-as-bandeiras-da-democracia-e-da-soberania\/","title":{"rendered":"Alian\u00e7a de centro-esquerda homologa Lula e Alckmin \u00e0 reelei\u00e7\u00e3o com as bandeiras da democracia e da soberania"},"content":{"rendered":"\n<p class=\"wp-block-paragraph\">O Partido dos Trabalhadores (PT) oficializou a candidatura do presidente Luiz In\u00e1cio Lula da Silva \u00e0 reelei\u00e7\u00e3o presidencial. O an\u00fancio foi feito durante a Conven\u00e7\u00e3o Nacional da sigla. O evento ratificou a manuten\u00e7\u00e3o do vice-presidente Geraldo Alckmin (PSB) na chapa, reeditando a parceria vitoriosa firmada no pleito anterior.<\/p>\n\n\n\n<p class=\"wp-block-paragraph\">A homologa\u00e7\u00e3o da chapa foi anunciada no in\u00edcio do evento pelo presidente nacional do PT, Edinho Silva, ap\u00f3s reuni\u00f5es estrat\u00e9gicas com partidos aliados e movimentos sociais. A coaliz\u00e3o que sustentar\u00e1 a candidatura governista no primeiro turno re\u00fane uma frente de sete partidos de centro-esquerda: al\u00e9m do PT, PCdoB e PV (que integram a Federa\u00e7\u00e3o Brasil da Esperan\u00e7a), o bloco conta com o apoio formal do PSB, PDT, PSOL e Rede. O nome de Alckmin j\u00e1 havia sido chancelado na conven\u00e7\u00e3o de sua pr\u00f3pria legenda na semana anterior.<\/p>\n\n\n\n<p class=\"wp-block-paragraph\">Em seu discurso de mais de uma hora, Lula destacou que sua perman\u00eancia na vida p\u00fablica \u00e9 movida por uma causa. &#8220;Este jovem de 80 anos que est\u00e1 falando com voc\u00eas vai ganhar as elei\u00e7\u00f5es outra vez&#8221;, declarou o presidente. Ele pontuou que o foco do pr\u00f3ximo mandato ser\u00e1 aprofundar as transforma\u00e7\u00f5es estruturais do pa\u00eds.<\/p>\n\n\n\n<p class=\"wp-block-paragraph\">O mandat\u00e1rio apresentou cinco compromissos principais para as diretrizes de governo caso ven\u00e7a a disputa: resolver em definitivo o papel e o alcance da educa\u00e7\u00e3o nacional, criar um programa de assist\u00eancia voltado \u00e0 popula\u00e7\u00e3o idosa, fortalecer e investir de forma estrat\u00e9gica na ind\u00fastria de defesa militar, garantir a preserva\u00e7\u00e3o e explora\u00e7\u00e3o nacional de riquezas estrat\u00e9gicas e terras raras e ampliar programas estruturados para a transi\u00e7\u00e3o energ\u00e9tica do Brasil.<\/p>\n\n\n\n<p class=\"wp-block-paragraph\">Lula tamb\u00e9m aproveitou o palanque para fazer cobran\u00e7as ao Poder Legislativo. O presidente criticou o atual modelo de distribui\u00e7\u00e3o do or\u00e7amento federal, apontando distor\u00e7\u00f5es no volume de emendas parlamentares. Segundo ele, o avan\u00e7o das emendas retirou a capacidade de planejamento do Executivo, sinalizando que um novo mandato exigir\u00e1 um debate democr\u00e1tico para a recupera\u00e7\u00e3o das atribui\u00e7\u00f5es do Estado.<\/p>\n\n\n\n<p class=\"wp-block-paragraph\">A conven\u00e7\u00e3o foi estruturada com foco em transmiss\u00f5es para redes sociais, priorizando pronunciamentos objetivos e forte apelo de imagem. Lideran\u00e7as de destaque como o ex-ministro da Fazenda Fernando Haddad, e ministros de Estado marcaram presen\u00e7a. Haddad discursou classificando Lula como um &#8220;marujo experiente&#8221; para guiar o pa\u00eds frente a um cen\u00e1rio internacional de incertezas econ\u00f4micas e avan\u00e7o da extrema-direita global.<\/p>\n\n\n\n<p class=\"wp-block-paragraph\">Geraldo Alckmin sublinhou os dados econ\u00f4micos da gest\u00e3o atual, apontando a expans\u00e3o de 3,2% da atividade industrial nos primeiros anos de governo em compara\u00e7\u00e3o a retra\u00e7\u00f5es de per\u00edodos passados. O vice-presidente defendeu os resultados da Nova Ind\u00fastria Brasil (NIB) e enfatizou que &#8220;quem n\u00e3o acredita na democracia n\u00e3o deveria nem disputar elei\u00e7\u00f5es&#8221;. A primeira-dama, Janja da Silva, tamb\u00e9m falou ao p\u00fablico, ressaltando o peso do voto feminino e as pol\u00edticas de combate \u00e0 viol\u00eancia dom\u00e9stica.<\/p>\n\n\n\n<figure class=\"wp-block-image size-large\"><img loading=\"lazy\" decoding=\"async\" width=\"1024\" height=\"576\" src=\"https:\/\/blogdorogeriogomes.com.br\/noticias\/wp-content\/uploads\/2026\/08\/764675902184239150881994973727583294152672092n-6f48d5e3-1024x576.webp\" alt=\"\" class=\"wp-image-41587\" srcset=\"https:\/\/blogdorogeriogomes.com.br\/noticias\/wp-content\/uploads\/2026\/08\/764675902184239150881994973727583294152672092n-6f48d5e3-1024x576.webp 1024w, https:\/\/blogdorogeriogomes.com.br\/noticias\/wp-content\/uploads\/2026\/08\/764675902184239150881994973727583294152672092n-6f48d5e3-300x169.webp 300w, https:\/\/blogdorogeriogomes.com.br\/noticias\/wp-content\/uploads\/2026\/08\/764675902184239150881994973727583294152672092n-6f48d5e3-768x432.webp 768w, https:\/\/blogdorogeriogomes.com.br\/noticias\/wp-content\/uploads\/2026\/08\/764675902184239150881994973727583294152672092n-6f48d5e3-800x450.webp 800w, https:\/\/blogdorogeriogomes.com.br\/noticias\/wp-content\/uploads\/2026\/08\/764675902184239150881994973727583294152672092n-6f48d5e3.webp 1138w\" sizes=\"auto, (max-width: 1024px) 100vw, 1024px\" \/><\/figure>\n","protected":false},"excerpt":{"rendered":"<p>O Partido dos Trabalhadores (PT) oficializou a candidatura do presidente Luiz In\u00e1cio Lula da Silva \u00e0 reelei\u00e7\u00e3o presidencial. O an\u00fancio foi feito durante a Conven\u00e7\u00e3o Nacional da sigla. O evento ratificou a manuten\u00e7\u00e3o do vice-presidente Geraldo Alckmin (PSB) na chapa, reeditando a parceria vitoriosa firmada no pleito anterior. A homologa\u00e7\u00e3o da chapa foi anunciada no in\u00edcio do evento pelo presidente nacional do PT, Edinho Silva, ap\u00f3s reuni\u00f5es estrat\u00e9gicas com partidos aliados e movimentos sociais. A coaliz\u00e3o que sustentar\u00e1 a&hellip;<\/p>\n","protected":false},"author":1,"featured_media":41587,"comment_status":"open","ping_status":"open","sticky":false,"template":"","format":"standard","meta":{"footnotes":""},"categories":[1],"tags":[],"class_list":["post-41586","post","type-post","status-publish","format-standard","has-post-thumbnail","hentry","category-noticias"],"_links":{"self":[{"href":"https:\/\/blogdorogeriogomes.com.br\/noticias\/wp-json\/wp\/v2\/posts\/41586","targetHints":{"allow":["GET"]}}],"collection":[{"href":"https:\/\/blogdorogeriogomes.com.br\/noticias\/wp-json\/wp\/v2\/posts"}],"about":[{"href":"https:\/\/blogdorogeriogomes.com.br\/noticias\/wp-json\/wp\/v2\/types\/post"}],"author":[{"embeddable":true,"href":"https:\/\/blogdorogeriogomes.com.br\/noticias\/wp-json\/wp\/v2\/users\/1"}],"replies":[{"embeddable":true,"href":"https:\/\/blogdorogeriogomes.com.br\/noticias\/wp-json\/wp\/v2\/comments?post=41586"}],"version-history":[{"count":1,"href":"https:\/\/blogdorogeriogomes.com.br\/noticias\/wp-json\/wp\/v2\/posts\/41586\/revisions"}],"predecessor-version":[{"id":41588,"href":"https:\/\/blogdorogeriogomes.com.br\/noticias\/wp-json\/wp\/v2\/posts\/41586\/revisions\/41588"}],"wp:featuredmedia":[{"embeddable":true,"href":"https:\/\/blogdorogeriogomes.com.br\/noticias\/wp-json\/wp\/v2\/media\/41587"}],"wp:attachment":[{"href":"https:\/\/blogdorogeriogomes.com.br\/noticias\/wp-json\/wp\/v2\/media?parent=41586"}],"wp:term":[{"taxonomy":"category","embeddable":true,"href":"https:\/\/blogdorogeriogomes.com.br\/noticias\/wp-json\/wp\/v2\/categories?post=41586"},{"taxonomy":"post_tag","embeddable":true,"href":"https:\/\/blogdorogeriogomes.com.br\/noticias\/wp-json\/wp\/v2\/tags?post=41586"}],"curies":[{"name":"wp","href":"https:\/\/api.w.org\/{rel}","templated":true}]}}