{"id":41589,"date":"2026-08-03T11:31:10","date_gmt":"2026-08-03T11:31:10","guid":{"rendered":"https:\/\/blogdorogeriogomes.com.br\/noticias\/?p=41589"},"modified":"2026-08-03T11:31:10","modified_gmt":"2026-08-03T11:31:10","slug":"sem-michelle-no-palanque-por-internacao-pl-lanca-flavio-bolsonaro-a-presidencia-e-confirma-ex-primeira-dama-ao-senado-pelo-df","status":"publish","type":"post","link":"https:\/\/blogdorogeriogomes.com.br\/noticias\/2026\/08\/sem-michelle-no-palanque-por-internacao-pl-lanca-flavio-bolsonaro-a-presidencia-e-confirma-ex-primeira-dama-ao-senado-pelo-df\/","title":{"rendered":"Sem Michelle no palanque por interna\u00e7\u00e3o, PL lan\u00e7a Fl\u00e1vio Bolsonaro \u00e0 Presid\u00eancia e confirma ex-primeira-dama ao Senado pelo DF"},"content":{"rendered":"\n<p class=\"wp-block-paragraph\">A t\u00e3o aguardada foto de uni\u00e3o pol\u00edtica entre o senador Fl\u00e1vio Bolsonaro, candidato do PL \u00e0 Presid\u00eancia da Rep\u00fablica, e a ex-primeira-dama Michelle Bolsonaro precisou ser adiada. Durante a conven\u00e7\u00e3o do Partido Liberal (PL) no Distrito Federal, o partido oficializou a candidatura de Michelle ao Senado Federal pelo DF, mas o evento foi marcado pela aus\u00eancia f\u00edsica da candidata, que passou o fim de semana internada em um hospital particular na capital federal.<\/p>\n\n\n\n<p class=\"wp-block-paragraph\">Michelle Bolsonaro deu entrada no Hospital DF Star ap\u00f3s sofrer com dores cr\u00f4nicas que j\u00e1 se estendiam por mais de 16 dias. Diagnosticada com cefaleia refrat\u00e1ria, ela precisou ser sedada e submetida a um procedimento de bloqueio anest\u00e9sico dos nervos cranianos.Embora tenha recebido alta m\u00e9dica, Michelle permaneceu em repouso em sua resid\u00eancia devido aos efeitos da forte medica\u00e7\u00e3o e ao incha\u00e7o na regi\u00e3o dos olhos, o que a impossibilitou de discursar presencialmente no Parque da Cidade.<\/p>\n\n\n\n<p class=\"wp-block-paragraph\">Para afastar rumores de novos atritos e oficializar sua entrada na disputa, Michelle foi representada no evento por seu irm\u00e3o, Diego Torres, que foi anunciado como seu primeiro suplente. Ele fez a leitura de uma carta enviada pela ex-primeira-dama. No texto, ela confirmou sua candidatura ao Senado em uma chapa &#8220;puro-sangue&#8221; ao lado da deputada federal Bia Kicis (PL) e declarou apoio expl\u00edcito \u00e0 postula\u00e7\u00e3o de Fl\u00e1vio Bolsonaro ao Planalto. &#8220;Meu corpo precisou parar, mas o meu compromisso com voc\u00eas n\u00e3o parou&#8221;, afirmou Michelle na mensagem lida pelo irm\u00e3o. Ela tamb\u00e9m usou as redes sociais para agradecer publicamente ao enteado e aos dirigentes da legenda pelo suporte.<\/p>\n\n\n\n<p class=\"wp-block-paragraph\">No palco da conven\u00e7\u00e3o, Fl\u00e1vio Bolsonaro minimizou o desfalque presencial e usou seu tempo de fala para desejar uma r\u00e1pida recupera\u00e7\u00e3o \u00e0 madrasta. O presidenci\u00e1vel garantiu que a fam\u00edlia acompanha o tratamento de perto e previu que ela estar\u00e1 de volta &#8220;firme e forte&#8221; muito em breve para refor\u00e7ar os palanques da direita.O aceno p\u00fablico sela o armist\u00edcio da dupla. Em junho, ambos protagonizaram um forte desentendimento p\u00fablico envolvendo os rumos do partido no Cear\u00e1. A pacifica\u00e7\u00e3o interna vinha sendo costurada pelo presidente nacional do PL, Valdemar Costa Neto, e pela senadora Damares Alves, que viam a uni\u00e3o familiar como ponto crucial para dar seguran\u00e7a aos partidos aliados e consolidar a chapa majorit\u00e1ria no Distrito Federal.<\/p>\n\n\n\n<figure class=\"wp-block-image size-full\"><img loading=\"lazy\" decoding=\"async\" width=\"640\" height=\"400\" src=\"https:\/\/blogdorogeriogomes.com.br\/noticias\/wp-content\/uploads\/2026\/08\/PL-Paraiba.jpg\" alt=\"\" class=\"wp-image-41590\" srcset=\"https:\/\/blogdorogeriogomes.com.br\/noticias\/wp-content\/uploads\/2026\/08\/PL-Paraiba.jpg 640w, https:\/\/blogdorogeriogomes.com.br\/noticias\/wp-content\/uploads\/2026\/08\/PL-Paraiba-300x188.jpg 300w\" sizes=\"auto, (max-width: 640px) 100vw, 640px\" \/><\/figure>\n","protected":false},"excerpt":{"rendered":"<p>A t\u00e3o aguardada foto de uni\u00e3o pol\u00edtica entre o senador Fl\u00e1vio Bolsonaro, candidato do PL \u00e0 Presid\u00eancia da Rep\u00fablica, e a ex-primeira-dama Michelle Bolsonaro precisou ser adiada. Durante a conven\u00e7\u00e3o do Partido Liberal (PL) no Distrito Federal, o partido oficializou a candidatura de Michelle ao Senado Federal pelo DF, mas o evento foi marcado pela aus\u00eancia f\u00edsica da candidata, que passou o fim de semana internada em um hospital particular na capital federal. Michelle Bolsonaro deu entrada no Hospital&hellip;<\/p>\n","protected":false},"author":1,"featured_media":41590,"comment_status":"open","ping_status":"open","sticky":false,"template":"","format":"standard","meta":{"footnotes":""},"categories":[1],"tags":[],"class_list":["post-41589","post","type-post","status-publish","format-standard","has-post-thumbnail","hentry","category-noticias"],"_links":{"self":[{"href":"https:\/\/blogdorogeriogomes.com.br\/noticias\/wp-json\/wp\/v2\/posts\/41589","targetHints":{"allow":["GET"]}}],"collection":[{"href":"https:\/\/blogdorogeriogomes.com.br\/noticias\/wp-json\/wp\/v2\/posts"}],"about":[{"href":"https:\/\/blogdorogeriogomes.com.br\/noticias\/wp-json\/wp\/v2\/types\/post"}],"author":[{"embeddable":true,"href":"https:\/\/blogdorogeriogomes.com.br\/noticias\/wp-json\/wp\/v2\/users\/1"}],"replies":[{"embeddable":true,"href":"https:\/\/blogdorogeriogomes.com.br\/noticias\/wp-json\/wp\/v2\/comments?post=41589"}],"version-history":[{"count":1,"href":"https:\/\/blogdorogeriogomes.com.br\/noticias\/wp-json\/wp\/v2\/posts\/41589\/revisions"}],"predecessor-version":[{"id":41591,"href":"https:\/\/blogdorogeriogomes.com.br\/noticias\/wp-json\/wp\/v2\/posts\/41589\/revisions\/41591"}],"wp:featuredmedia":[{"embeddable":true,"href":"https:\/\/blogdorogeriogomes.com.br\/noticias\/wp-json\/wp\/v2\/media\/41590"}],"wp:attachment":[{"href":"https:\/\/blogdorogeriogomes.com.br\/noticias\/wp-json\/wp\/v2\/media?parent=41589"}],"wp:term":[{"taxonomy":"category","embeddable":true,"href":"https:\/\/blogdorogeriogomes.com.br\/noticias\/wp-json\/wp\/v2\/categories?post=41589"},{"taxonomy":"post_tag","embeddable":true,"href":"https:\/\/blogdorogeriogomes.com.br\/noticias\/wp-json\/wp\/v2\/tags?post=41589"}],"curies":[{"name":"wp","href":"https:\/\/api.w.org\/{rel}","templated":true}]}}