{"id":41592,"date":"2026-08-03T11:47:24","date_gmt":"2026-08-03T11:47:24","guid":{"rendered":"https:\/\/blogdorogeriogomes.com.br\/noticias\/?p=41592"},"modified":"2026-08-03T11:47:25","modified_gmt":"2026-08-03T11:47:25","slug":"republicanos-confirma-alianca-com-elmano-de-freitas-e-chiquinho-feitosa-abre-mao-de-candidatura-ao-senado","status":"publish","type":"post","link":"https:\/\/blogdorogeriogomes.com.br\/noticias\/2026\/08\/republicanos-confirma-alianca-com-elmano-de-freitas-e-chiquinho-feitosa-abre-mao-de-candidatura-ao-senado\/","title":{"rendered":"Republicanos confirma alian\u00e7a com Elmano de Freitas e Chiquinho Feitosa abre m\u00e3o de candidatura ao Senado"},"content":{"rendered":"\n<p class=\"wp-block-paragraph\">O partido Republicanos formalizou, no \u00faltimo domingo, dia 2 de agosto, o apoio oficial \u00e0 reelei\u00e7\u00e3o do governador Elmano de Freitas (PT) para o governo do Cear\u00e1 nas elei\u00e7\u00f5es de 2026. O an\u00fancio de uni\u00e3o partid\u00e1ria ocorreu durante a conven\u00e7\u00e3o estadual da legenda, em Fortaleza, consolidando a sigla no amplo arco de alian\u00e7as governistas capitaneado pelo ministro da Educa\u00e7\u00e3o, Camilo Santana (PT).<\/p>\n\n\n\n<p class=\"wp-block-paragraph\">O grande fato pol\u00edtico do encontro foi o pronunciamento do presidente estadual do Republicanos, Chiquinho Feitosa, que anunciou oficialmente a retirada de sua pr\u00e9-candidatura ao Senado Federal. O dirigente era frequentemente cotado para ocupar a segunda vaga da chapa majorit\u00e1ria do governo. <\/p>\n\n\n\n<p class=\"wp-block-paragraph\">Em sua justificativa, Feitosa explicou que comunicou o recuo diretamente a Camilo Santana em prol do consenso, mas garantiu que o partido segue firme na mesa de negocia\u00e7\u00f5es por outros espa\u00e7os, o que inclui eventuais indica\u00e7\u00f5es de supl\u00eancia para a C\u00e2mara Alta.&#8221;Eu, na verdade, j\u00e1 conversei com o ministro Camilo e declinei dessa pretens\u00e3o de estar com essa vaga do Senado. A gente continua sentado na mesa, nas discuss\u00f5es. Tem a\u00ed uns outros espa\u00e7os, inclusive de supl\u00eancia, para ser discutido&#8221;, declarou Chiquinho Feitosa.<\/p>\n\n\n\n<figure class=\"wp-block-image size-large\"><img loading=\"lazy\" decoding=\"async\" width=\"1024\" height=\"1009\" src=\"https:\/\/blogdorogeriogomes.com.br\/noticias\/wp-content\/uploads\/2026\/08\/IMG_0859-1024x1009.jpg\" alt=\"\" class=\"wp-image-41593\" srcset=\"https:\/\/blogdorogeriogomes.com.br\/noticias\/wp-content\/uploads\/2026\/08\/IMG_0859-1024x1009.jpg 1024w, https:\/\/blogdorogeriogomes.com.br\/noticias\/wp-content\/uploads\/2026\/08\/IMG_0859-300x296.jpg 300w, https:\/\/blogdorogeriogomes.com.br\/noticias\/wp-content\/uploads\/2026\/08\/IMG_0859-768x757.jpg 768w, https:\/\/blogdorogeriogomes.com.br\/noticias\/wp-content\/uploads\/2026\/08\/IMG_0859-800x788.jpg 800w, https:\/\/blogdorogeriogomes.com.br\/noticias\/wp-content\/uploads\/2026\/08\/IMG_0859.jpg 1290w\" sizes=\"auto, (max-width: 1024px) 100vw, 1024px\" \/><\/figure>\n","protected":false},"excerpt":{"rendered":"<p>O partido Republicanos formalizou, no \u00faltimo domingo, dia 2 de agosto, o apoio oficial \u00e0 reelei\u00e7\u00e3o do governador Elmano de Freitas (PT) para o governo do Cear\u00e1 nas elei\u00e7\u00f5es de 2026. O an\u00fancio de uni\u00e3o partid\u00e1ria ocorreu durante a conven\u00e7\u00e3o estadual da legenda, em Fortaleza, consolidando a sigla no amplo arco de alian\u00e7as governistas capitaneado pelo ministro da Educa\u00e7\u00e3o, Camilo Santana (PT). O grande fato pol\u00edtico do encontro foi o pronunciamento do presidente estadual do Republicanos, Chiquinho Feitosa, que&hellip;<\/p>\n","protected":false},"author":1,"featured_media":41593,"comment_status":"open","ping_status":"open","sticky":false,"template":"","format":"standard","meta":{"footnotes":""},"categories":[1],"tags":[],"class_list":["post-41592","post","type-post","status-publish","format-standard","has-post-thumbnail","hentry","category-noticias"],"_links":{"self":[{"href":"https:\/\/blogdorogeriogomes.com.br\/noticias\/wp-json\/wp\/v2\/posts\/41592","targetHints":{"allow":["GET"]}}],"collection":[{"href":"https:\/\/blogdorogeriogomes.com.br\/noticias\/wp-json\/wp\/v2\/posts"}],"about":[{"href":"https:\/\/blogdorogeriogomes.com.br\/noticias\/wp-json\/wp\/v2\/types\/post"}],"author":[{"embeddable":true,"href":"https:\/\/blogdorogeriogomes.com.br\/noticias\/wp-json\/wp\/v2\/users\/1"}],"replies":[{"embeddable":true,"href":"https:\/\/blogdorogeriogomes.com.br\/noticias\/wp-json\/wp\/v2\/comments?post=41592"}],"version-history":[{"count":1,"href":"https:\/\/blogdorogeriogomes.com.br\/noticias\/wp-json\/wp\/v2\/posts\/41592\/revisions"}],"predecessor-version":[{"id":41594,"href":"https:\/\/blogdorogeriogomes.com.br\/noticias\/wp-json\/wp\/v2\/posts\/41592\/revisions\/41594"}],"wp:featuredmedia":[{"embeddable":true,"href":"https:\/\/blogdorogeriogomes.com.br\/noticias\/wp-json\/wp\/v2\/media\/41593"}],"wp:attachment":[{"href":"https:\/\/blogdorogeriogomes.com.br\/noticias\/wp-json\/wp\/v2\/media?parent=41592"}],"wp:term":[{"taxonomy":"category","embeddable":true,"href":"https:\/\/blogdorogeriogomes.com.br\/noticias\/wp-json\/wp\/v2\/categories?post=41592"},{"taxonomy":"post_tag","embeddable":true,"href":"https:\/\/blogdorogeriogomes.com.br\/noticias\/wp-json\/wp\/v2\/tags?post=41592"}],"curies":[{"name":"wp","href":"https:\/\/api.w.org\/{rel}","templated":true}]}}