{"id":41595,"date":"2026-08-03T12:02:27","date_gmt":"2026-08-03T12:02:27","guid":{"rendered":"https:\/\/blogdorogeriogomes.com.br\/noticias\/?p=41595"},"modified":"2026-08-03T12:02:31","modified_gmt":"2026-08-03T12:02:31","slug":"com-o-aval-de-cid-gomes-romeu-aldigueri-estuda-recuar-da-camara-federal-para-buscar-reeleicao-na-alece-tainah-marinho-disputaria-vaga-em-brasilia","status":"publish","type":"post","link":"https:\/\/blogdorogeriogomes.com.br\/noticias\/2026\/08\/com-o-aval-de-cid-gomes-romeu-aldigueri-estuda-recuar-da-camara-federal-para-buscar-reeleicao-na-alece-tainah-marinho-disputaria-vaga-em-brasilia\/","title":{"rendered":"Com o aval de Cid Gomes, Romeu Aldigueri estuda recuar da C\u00e2mara Federal para buscar reelei\u00e7\u00e3o na Alece. Tainah Marinho disputaria vaga em Bras\u00edlia"},"content":{"rendered":"\n<p class=\"wp-block-paragraph\">Os bastidores da pol\u00edtica cearense ganharam novos contornos e uma reviravolta estrat\u00e9gica come\u00e7ou a se desenhar para as elei\u00e7\u00f5es de outubro. O atual presidente da Assembleia Legislativa do Cear\u00e1 (Alece), Romeu Aldigueri (PSB), estuda desistir de sua pr\u00e9-candidatura \u00e0 C\u00e2mara Federal para concorrer, novamente, a uma vaga de deputado estadual. A movimenta\u00e7\u00e3o, articulada no cen\u00e1rio de composi\u00e7\u00e3o das for\u00e7as governistas, conta com o aval e o incentivo direto do senador Cid Gomes (PSB). Com a manuten\u00e7\u00e3o de Aldigueri na disputa pelo Parlamento estadual, a vaga para concorrer \u00e0 C\u00e2mara dos Deputados em Bras\u00edlia ficaria com sua esposa, Tainah Marinho, que teve o nome chancelado durante a conven\u00e7\u00e3o partid\u00e1ria.<\/p>\n\n\n\n<p class=\"wp-block-paragraph\">A mudan\u00e7a de rota, que vinha sendo tratada sob reserva, ganhou for\u00e7a p\u00fablica e passou a ser apontada por lideran\u00e7as do PSB como uma alternativa real de preserva\u00e7\u00e3o de espa\u00e7os. O principal objetivo de manter Romeu Aldigueri na disputa estadual \u00e9 assegurar a perman\u00eancia de um aliado hist\u00f3rico e de extrema confian\u00e7a do grupo liderado por Cid Gomes no comando do Poder Legislativo do Cear\u00e1. A jogada visa contrapor e blindar a presid\u00eancia da Alece diante de movimenta\u00e7\u00f5es externas e articula\u00e7\u00f5es de outros blocos partid\u00e1rios de olho na futura composi\u00e7\u00e3o da Mesa Diretora. <\/p>\n\n\n\n<p class=\"wp-block-paragraph\">Oficialmente, as delibera\u00e7\u00f5es em torno das candidaturas permanecem em aberto para ajustes finais at\u00e9 o prazo limite estipulado pela Justi\u00e7a Eleitoral. A estrat\u00e9gia desenhada desenha um &#8220;invers\u00e3o de pap\u00e9is&#8221; em rela\u00e7\u00e3o ao plano original montado no in\u00edcio do ano. Romeu Aldigueri abre m\u00e3o do plano federal e foca em reter o comando do Pal\u00e1cio Adauto Bezerra. Tainah Marinho assume a vaga na chapa proporcional rumo ao Congresso Nacional, em Bras\u00edlia. <\/p>\n\n\n\n<p class=\"wp-block-paragraph\">O desenho pol\u00edtico sinaliza o peso do partido nas decis\u00f5es do bloco governista e projeta uma elei\u00e7\u00e3o fortemente disputada, onde o controle da Assembleia passa a ser a pe\u00e7a principal do tabuleiro estadual. Lideran\u00e7as do partido avaliam que o nome de Tainah possui densidade eleitoral suficiente para herdar as bases de Aldigueri no interior e na capital, garantindo a representatividade da legenda a n\u00edvel federal.<\/p>\n\n\n\n<figure class=\"wp-block-image size-large\"><img loading=\"lazy\" decoding=\"async\" width=\"768\" height=\"1024\" src=\"https:\/\/blogdorogeriogomes.com.br\/noticias\/wp-content\/uploads\/2026\/08\/IMG-20260803-WA0036-768x1024.jpg\" alt=\"\" class=\"wp-image-41596\" srcset=\"https:\/\/blogdorogeriogomes.com.br\/noticias\/wp-content\/uploads\/2026\/08\/IMG-20260803-WA0036-768x1024.jpg 768w, https:\/\/blogdorogeriogomes.com.br\/noticias\/wp-content\/uploads\/2026\/08\/IMG-20260803-WA0036-225x300.jpg 225w, https:\/\/blogdorogeriogomes.com.br\/noticias\/wp-content\/uploads\/2026\/08\/IMG-20260803-WA0036-1152x1536.jpg 1152w, https:\/\/blogdorogeriogomes.com.br\/noticias\/wp-content\/uploads\/2026\/08\/IMG-20260803-WA0036-800x1067.jpg 800w, https:\/\/blogdorogeriogomes.com.br\/noticias\/wp-content\/uploads\/2026\/08\/IMG-20260803-WA0036.jpg 1200w\" sizes=\"auto, (max-width: 768px) 100vw, 768px\" \/><\/figure>\n","protected":false},"excerpt":{"rendered":"<p>Os bastidores da pol\u00edtica cearense ganharam novos contornos e uma reviravolta estrat\u00e9gica come\u00e7ou a se desenhar para as elei\u00e7\u00f5es de outubro. O atual presidente da Assembleia Legislativa do Cear\u00e1 (Alece), Romeu Aldigueri (PSB), estuda desistir de sua pr\u00e9-candidatura \u00e0 C\u00e2mara Federal para concorrer, novamente, a uma vaga de deputado estadual. A movimenta\u00e7\u00e3o, articulada no cen\u00e1rio de composi\u00e7\u00e3o das for\u00e7as governistas, conta com o aval e o incentivo direto do senador Cid Gomes (PSB). Com a manuten\u00e7\u00e3o de Aldigueri na&hellip;<\/p>\n","protected":false},"author":1,"featured_media":41596,"comment_status":"open","ping_status":"open","sticky":false,"template":"","format":"standard","meta":{"footnotes":""},"categories":[1],"tags":[],"class_list":["post-41595","post","type-post","status-publish","format-standard","has-post-thumbnail","hentry","category-noticias"],"_links":{"self":[{"href":"https:\/\/blogdorogeriogomes.com.br\/noticias\/wp-json\/wp\/v2\/posts\/41595","targetHints":{"allow":["GET"]}}],"collection":[{"href":"https:\/\/blogdorogeriogomes.com.br\/noticias\/wp-json\/wp\/v2\/posts"}],"about":[{"href":"https:\/\/blogdorogeriogomes.com.br\/noticias\/wp-json\/wp\/v2\/types\/post"}],"author":[{"embeddable":true,"href":"https:\/\/blogdorogeriogomes.com.br\/noticias\/wp-json\/wp\/v2\/users\/1"}],"replies":[{"embeddable":true,"href":"https:\/\/blogdorogeriogomes.com.br\/noticias\/wp-json\/wp\/v2\/comments?post=41595"}],"version-history":[{"count":1,"href":"https:\/\/blogdorogeriogomes.com.br\/noticias\/wp-json\/wp\/v2\/posts\/41595\/revisions"}],"predecessor-version":[{"id":41597,"href":"https:\/\/blogdorogeriogomes.com.br\/noticias\/wp-json\/wp\/v2\/posts\/41595\/revisions\/41597"}],"wp:featuredmedia":[{"embeddable":true,"href":"https:\/\/blogdorogeriogomes.com.br\/noticias\/wp-json\/wp\/v2\/media\/41596"}],"wp:attachment":[{"href":"https:\/\/blogdorogeriogomes.com.br\/noticias\/wp-json\/wp\/v2\/media?parent=41595"}],"wp:term":[{"taxonomy":"category","embeddable":true,"href":"https:\/\/blogdorogeriogomes.com.br\/noticias\/wp-json\/wp\/v2\/categories?post=41595"},{"taxonomy":"post_tag","embeddable":true,"href":"https:\/\/blogdorogeriogomes.com.br\/noticias\/wp-json\/wp\/v2\/tags?post=41595"}],"curies":[{"name":"wp","href":"https:\/\/api.w.org\/{rel}","templated":true}]}}