{"id":41602,"date":"2026-08-03T19:17:35","date_gmt":"2026-08-03T19:17:35","guid":{"rendered":"https:\/\/blogdorogeriogomes.com.br\/noticias\/?p=41602"},"modified":"2026-08-03T19:17:35","modified_gmt":"2026-08-03T19:17:35","slug":"prefeito-evandro-leitao-destaca-parcerias-e-balanco-de-gestao-em-abertura-da-camara-municipal-de-fortaleza","status":"publish","type":"post","link":"https:\/\/blogdorogeriogomes.com.br\/noticias\/2026\/08\/prefeito-evandro-leitao-destaca-parcerias-e-balanco-de-gestao-em-abertura-da-camara-municipal-de-fortaleza\/","title":{"rendered":"Prefeito Evandro Leit\u00e3o destaca parcerias e balan\u00e7o de gest\u00e3o em abertura da C\u00e2mara Municipal de Fortaleza"},"content":{"rendered":"\n<p class=\"wp-block-paragraph\">O prefeito Evandro Leit\u00e3o abriu os trabalhos legislativos da C\u00e2mara Municipal de Fortaleza (CMFor), nesta segunda-feira, dia 3 de agosto, apresentando o balan\u00e7o do primeiro semestre de 2026, destacando a parceria com o legislativo para entregas na sa\u00fade, educa\u00e7\u00e3o, inclus\u00e3o e infraestrutura. <\/p>\n\n\n\n<p class=\"wp-block-paragraph\">A gest\u00e3o focou na expans\u00e3o de creches, climatiza\u00e7\u00e3o de escolas, refor\u00e7o na seguran\u00e7a com o novo sistema de videomonitoramento (CIVFor) e amplia\u00e7\u00e3o do passe livre estudantil. Saiba mais detalhes na Prefeitura de Fortaleza.<\/p>\n\n\n\n<p class=\"wp-block-paragraph\">\u201cEssas entregas acontecem porque temos uma gest\u00e3o compartilhada, que dialoga com a iniciativa privada, com a sociedade civil e com outras esferas do poder p\u00fablico, como os governos Federal e do Estado, al\u00e9m de manter uma rela\u00e7\u00e3o harm\u00f4nica entre o Executivo Municipal e esta C\u00e2mara de Vereadores\u201d, concluiu Evandro Leit\u00e3o.<\/p>\n\n\n\n<p class=\"wp-block-paragraph\">O presidente da CMFor, L\u00e9o Couto, destacou a continuidade dos trabalhos legislativos e o compromisso dos vereadores com as demandas da popula\u00e7\u00e3o.<\/p>\n\n\n\n<p class=\"wp-block-paragraph\">\u201cEstamos iniciando os trabalhos legislativos, dando continuidade a um per\u00edodo de muito trabalho. Mesmo com as elei\u00e7\u00f5es pela frente, as atividades da C\u00e2mara continuam. Temos muitos projetos nas \u00e1reas de infraestrutura, requalifica\u00e7\u00e3o de lagoas e pavimenta\u00e7\u00e3o. Os vereadores seguem representando a popula\u00e7\u00e3o de Fortaleza, levando as demandas da cidade, que muitas vezes se transformam em pol\u00edticas p\u00fablicas\u201d, disse Leo Couto.<\/p>\n\n\n\n<figure class=\"wp-block-image size-large\"><img loading=\"lazy\" decoding=\"async\" width=\"1024\" height=\"576\" src=\"https:\/\/blogdorogeriogomes.com.br\/noticias\/wp-content\/uploads\/2026\/08\/03-08-2026-Prefeito-DSC00723-1024x576.jpeg\" alt=\"\" class=\"wp-image-41603\" srcset=\"https:\/\/blogdorogeriogomes.com.br\/noticias\/wp-content\/uploads\/2026\/08\/03-08-2026-Prefeito-DSC00723-1024x576.jpeg 1024w, https:\/\/blogdorogeriogomes.com.br\/noticias\/wp-content\/uploads\/2026\/08\/03-08-2026-Prefeito-DSC00723-300x169.jpeg 300w, https:\/\/blogdorogeriogomes.com.br\/noticias\/wp-content\/uploads\/2026\/08\/03-08-2026-Prefeito-DSC00723-768x432.jpeg 768w, https:\/\/blogdorogeriogomes.com.br\/noticias\/wp-content\/uploads\/2026\/08\/03-08-2026-Prefeito-DSC00723-1536x864.jpeg 1536w, https:\/\/blogdorogeriogomes.com.br\/noticias\/wp-content\/uploads\/2026\/08\/03-08-2026-Prefeito-DSC00723-2048x1152.jpeg 2048w\" sizes=\"auto, (max-width: 1024px) 100vw, 1024px\" \/><\/figure>\n\n\n","protected":false},"excerpt":{"rendered":"<p>O prefeito Evandro Leit\u00e3o abriu os trabalhos legislativos da C\u00e2mara Municipal de Fortaleza (CMFor), nesta segunda-feira, dia 3 de agosto, apresentando o balan\u00e7o do primeiro semestre de 2026, destacando a parceria com o legislativo para entregas na sa\u00fade, educa\u00e7\u00e3o, inclus\u00e3o e infraestrutura. A gest\u00e3o focou na expans\u00e3o de creches, climatiza\u00e7\u00e3o de escolas, refor\u00e7o na seguran\u00e7a com o novo sistema de videomonitoramento (CIVFor) e amplia\u00e7\u00e3o do passe livre estudantil. Saiba mais detalhes na Prefeitura de Fortaleza. \u201cEssas entregas acontecem porque&hellip;<\/p>\n","protected":false},"author":1,"featured_media":41603,"comment_status":"open","ping_status":"open","sticky":false,"template":"","format":"standard","meta":{"footnotes":""},"categories":[1],"tags":[],"class_list":["post-41602","post","type-post","status-publish","format-standard","has-post-thumbnail","hentry","category-noticias"],"_links":{"self":[{"href":"https:\/\/blogdorogeriogomes.com.br\/noticias\/wp-json\/wp\/v2\/posts\/41602","targetHints":{"allow":["GET"]}}],"collection":[{"href":"https:\/\/blogdorogeriogomes.com.br\/noticias\/wp-json\/wp\/v2\/posts"}],"about":[{"href":"https:\/\/blogdorogeriogomes.com.br\/noticias\/wp-json\/wp\/v2\/types\/post"}],"author":[{"embeddable":true,"href":"https:\/\/blogdorogeriogomes.com.br\/noticias\/wp-json\/wp\/v2\/users\/1"}],"replies":[{"embeddable":true,"href":"https:\/\/blogdorogeriogomes.com.br\/noticias\/wp-json\/wp\/v2\/comments?post=41602"}],"version-history":[{"count":1,"href":"https:\/\/blogdorogeriogomes.com.br\/noticias\/wp-json\/wp\/v2\/posts\/41602\/revisions"}],"predecessor-version":[{"id":41604,"href":"https:\/\/blogdorogeriogomes.com.br\/noticias\/wp-json\/wp\/v2\/posts\/41602\/revisions\/41604"}],"wp:featuredmedia":[{"embeddable":true,"href":"https:\/\/blogdorogeriogomes.com.br\/noticias\/wp-json\/wp\/v2\/media\/41603"}],"wp:attachment":[{"href":"https:\/\/blogdorogeriogomes.com.br\/noticias\/wp-json\/wp\/v2\/media?parent=41602"}],"wp:term":[{"taxonomy":"category","embeddable":true,"href":"https:\/\/blogdorogeriogomes.com.br\/noticias\/wp-json\/wp\/v2\/categories?post=41602"},{"taxonomy":"post_tag","embeddable":true,"href":"https:\/\/blogdorogeriogomes.com.br\/noticias\/wp-json\/wp\/v2\/tags?post=41602"}],"curies":[{"name":"wp","href":"https:\/\/api.w.org\/{rel}","templated":true}]}}