{"id":41605,"date":"2026-08-04T07:21:50","date_gmt":"2026-08-04T07:21:50","guid":{"rendered":"https:\/\/blogdorogeriogomes.com.br\/noticias\/?p=41605"},"modified":"2026-08-04T07:21:50","modified_gmt":"2026-08-04T07:21:50","slug":"em-resposta-a-flavio-bolsonaro-presidente-do-tse-nunes-marques-exalta-urnas-eletronicas-como-patrimonio-da-democracia","status":"publish","type":"post","link":"https:\/\/blogdorogeriogomes.com.br\/noticias\/2026\/08\/em-resposta-a-flavio-bolsonaro-presidente-do-tse-nunes-marques-exalta-urnas-eletronicas-como-patrimonio-da-democracia\/","title":{"rendered":"Em resposta a Fl\u00e1vio Bolsonaro, presidente do TSE, Nunes Marques, exalta urnas eletr\u00f4nicas como &#8220;patrim\u00f4nio da democracia&#8221;"},"content":{"rendered":"\n<p class=\"wp-block-paragraph\">Na sess\u00e3o que marcou a abertura do segundo semestre forense da Justi\u00e7a Eleitoral, o presidente do Tribunal Superior Eleitoral (TSE), ministro Kassio Nunes Marques, mandou um recado claro em defesa da integridade das elei\u00e7\u00f5es de outubro. Sem citar nomes, o magistrado rebateu discursos de desconfian\u00e7a e afirmou textualmente que o sistema eletr\u00f4nico de vota\u00e7\u00e3o \u00e9 um &#8220;patrim\u00f4nio da democracia brasileira&#8221;. <\/p>\n\n\n\n<p class=\"wp-block-paragraph\">A rea\u00e7\u00e3o institucional do tribunal ganhou for\u00e7a ap\u00f3s forte press\u00e3o de bastidores vinda de ministros do Supremo Tribunal Federal (STF). Os magistrados da Suprema Corte cobravam um posicionamento contundente de Nunes Marques para estancar uma nova escalada de ataques \u00e0s urnas, liderada pelo senador Fl\u00e1vio Bolsonaro (PL-RJ).<\/p>\n\n\n\n<p class=\"wp-block-paragraph\">Candidato \u00e0 Presid\u00eancia da Rep\u00fablica no pleito deste ano, Fl\u00e1vio Bolsonaro resgatou a mesma ret\u00f3rica utilizada nos \u00faltimos anos por seu pai, o ex-presidente Jair Bolsonaro, que hoje se encontra em regime de pris\u00e3o domiciliar. Em recente reuni\u00e3o com diplomatas e embaixadores estrangeiros, o senador reproduziu informa\u00e7\u00f5es falsas ao associar os equipamentos brasileiros \u00e0 empresa Smartmatic e evocar relat\u00f3rios fantasmas sobre supostas vulnerabilidades no sistema.<\/p>\n\n\n\n<p class=\"wp-block-paragraph\">A alega\u00e7\u00e3o foi desmentida de pronto pela \u00e1rea t\u00e9cnica do TSE, que reiterou em nota oficial que as urnas utilizadas no Brasil jamais foram fornecidas ou programadas pela referida empresa. Embora Fl\u00e1vio Bolsonaro tenha tentado recuar publicamente nos dias seguintes, afirmando que aceitaria o resultado eleitoral, o epis\u00f3dio foi classificado pelo Judici\u00e1rio como uma grave tentativa de minar a credibilidade do voto popular \u00e0s v\u00e9speras da vota\u00e7\u00e3o.<\/p>\n\n\n\n<p class=\"wp-block-paragraph\">Como resposta pr\u00e1tica \u00e0 desinforma\u00e7\u00e3o, Nunes Marques anunciou a abertura da Semana Nacional do Sistema Eletr\u00f4nico de Vota\u00e7\u00e3o. A iniciativa promover\u00e1 uma s\u00e9rie de demonstra\u00e7\u00f5es p\u00fablicas do funcionamento das urnas, visitas guiadas e atividades educativas em parceria com os Tribunais Regionais Eleitorais (TREs) de todo o pa\u00eds. Em um ato in\u00e9dito, estudantes do Distrito Federal puderam acompanhar de perto a abertura interna de uma urna eletr\u00f4nica.<\/p>\n\n\n\n<figure class=\"wp-block-image size-full\"><img loading=\"lazy\" decoding=\"async\" width=\"419\" height=\"279\" src=\"https:\/\/blogdorogeriogomes.com.br\/noticias\/wp-content\/uploads\/2026\/08\/ministro-nunes-marques-tse.jpg\" alt=\"\" class=\"wp-image-41606\" srcset=\"https:\/\/blogdorogeriogomes.com.br\/noticias\/wp-content\/uploads\/2026\/08\/ministro-nunes-marques-tse.jpg 419w, https:\/\/blogdorogeriogomes.com.br\/noticias\/wp-content\/uploads\/2026\/08\/ministro-nunes-marques-tse-300x200.jpg 300w\" sizes=\"auto, (max-width: 419px) 100vw, 419px\" \/><\/figure>\n","protected":false},"excerpt":{"rendered":"<p>Na sess\u00e3o que marcou a abertura do segundo semestre forense da Justi\u00e7a Eleitoral, o presidente do Tribunal Superior Eleitoral (TSE), ministro Kassio Nunes Marques, mandou um recado claro em defesa da integridade das elei\u00e7\u00f5es de outubro. Sem citar nomes, o magistrado rebateu discursos de desconfian\u00e7a e afirmou textualmente que o sistema eletr\u00f4nico de vota\u00e7\u00e3o \u00e9 um &#8220;patrim\u00f4nio da democracia brasileira&#8221;. A rea\u00e7\u00e3o institucional do tribunal ganhou for\u00e7a ap\u00f3s forte press\u00e3o de bastidores vinda de ministros do Supremo Tribunal Federal&hellip;<\/p>\n","protected":false},"author":1,"featured_media":41606,"comment_status":"open","ping_status":"open","sticky":false,"template":"","format":"standard","meta":{"footnotes":""},"categories":[1],"tags":[],"class_list":["post-41605","post","type-post","status-publish","format-standard","has-post-thumbnail","hentry","category-noticias"],"_links":{"self":[{"href":"https:\/\/blogdorogeriogomes.com.br\/noticias\/wp-json\/wp\/v2\/posts\/41605","targetHints":{"allow":["GET"]}}],"collection":[{"href":"https:\/\/blogdorogeriogomes.com.br\/noticias\/wp-json\/wp\/v2\/posts"}],"about":[{"href":"https:\/\/blogdorogeriogomes.com.br\/noticias\/wp-json\/wp\/v2\/types\/post"}],"author":[{"embeddable":true,"href":"https:\/\/blogdorogeriogomes.com.br\/noticias\/wp-json\/wp\/v2\/users\/1"}],"replies":[{"embeddable":true,"href":"https:\/\/blogdorogeriogomes.com.br\/noticias\/wp-json\/wp\/v2\/comments?post=41605"}],"version-history":[{"count":1,"href":"https:\/\/blogdorogeriogomes.com.br\/noticias\/wp-json\/wp\/v2\/posts\/41605\/revisions"}],"predecessor-version":[{"id":41607,"href":"https:\/\/blogdorogeriogomes.com.br\/noticias\/wp-json\/wp\/v2\/posts\/41605\/revisions\/41607"}],"wp:featuredmedia":[{"embeddable":true,"href":"https:\/\/blogdorogeriogomes.com.br\/noticias\/wp-json\/wp\/v2\/media\/41606"}],"wp:attachment":[{"href":"https:\/\/blogdorogeriogomes.com.br\/noticias\/wp-json\/wp\/v2\/media?parent=41605"}],"wp:term":[{"taxonomy":"category","embeddable":true,"href":"https:\/\/blogdorogeriogomes.com.br\/noticias\/wp-json\/wp\/v2\/categories?post=41605"},{"taxonomy":"post_tag","embeddable":true,"href":"https:\/\/blogdorogeriogomes.com.br\/noticias\/wp-json\/wp\/v2\/tags?post=41605"}],"curies":[{"name":"wp","href":"https:\/\/api.w.org\/{rel}","templated":true}]}}