{"id":41608,"date":"2026-08-04T07:38:22","date_gmt":"2026-08-04T07:38:22","guid":{"rendered":"https:\/\/blogdorogeriogomes.com.br\/noticias\/?p=41608"},"modified":"2026-08-04T07:38:23","modified_gmt":"2026-08-04T07:38:23","slug":"depois-do-pp-e-uniao-brasil-republicanos-rejeita-vice-e-oficializa-neutralidade-para-nao-estar-na-chapa-de-flavio-bolsonaro","status":"publish","type":"post","link":"https:\/\/blogdorogeriogomes.com.br\/noticias\/2026\/08\/depois-do-pp-e-uniao-brasil-republicanos-rejeita-vice-e-oficializa-neutralidade-para-nao-estar-na-chapa-de-flavio-bolsonaro\/","title":{"rendered":"Depois do PP e Uni\u00e3o Brasil, Republicanos rejeita vice e oficializa neutralidade para n\u00e3o estar na chapa de Fl\u00e1vio Bolsonaro"},"content":{"rendered":"\n<p class=\"wp-block-paragraph\">O cen\u00e1rio eleitoral para a disputa presidencial sofreu uma nova reviravolta com a decis\u00e3o do Republicanos de manter a neutralidade institucional no primeiro turno. A legenda recusou formalmente o convite do senador Fl\u00e1vio Bolsonaro (PL-RJ) para indicar o nome que ocuparia a vaga de candidato a vice-presidente em sua chapa.<\/p>\n\n\n\n<p class=\"wp-block-paragraph\">A delibera\u00e7\u00e3o foi oficializada pela executiva nacional do partido comandado pelo deputado federal Marcos Pereira (SP). A decis\u00e3o concede liberdade total para que os diret\u00f3rios estaduais definam seus apoios de acordo com as conveni\u00eancias e as realidades locais. Com isso, lideran\u00e7as alinhadas ao bolsonarismo no Sul e Sudeste, como o governador de S\u00e3o Paulo, Tarc\u00edsio de Freitas, ficam livres para subir no palanque de Fl\u00e1vio Bolsonaro. <\/p>\n\n\n\n<p class=\"wp-block-paragraph\">Por outro lado, as alas do partido nas regi\u00f5es Norte e Nordeste ganham o aval necess\u00e1rio para se aproximar do governo e apoiar outras candidaturas.<\/p>\n\n\n\n<p class=\"wp-block-paragraph\">O recuo do Republicanos acentua o isolamento pol\u00edtico enfrentado pelo candidato bolsonarista na corrida ao Pal\u00e1cio do Planalto. Dias antes, movimentos id\u00eanticos j\u00e1 haviam sido feitos pela federa\u00e7\u00e3o Uni\u00e3o Progressista, bloco composto pelo Uni\u00e3o Brasil e pelo Progressistas (PP). Mesmo ap\u00f3s intensas negocia\u00e7\u00f5es e o oferecimento de espa\u00e7os estrat\u00e9gicos na chapa eleitoral, ambas as siglas do &#8220;Centr\u00e3o&#8221; optaram por n\u00e3o carregar o desgaste de uma associa\u00e7\u00e3o direta ao bolsonarismo em n\u00edvel nacional.<\/p>\n\n\n\n<p class=\"wp-block-paragraph\">O Uni\u00e3o Brasil preferiu focar nas fortes bancadas do Congresso e em palanques estaduais. J\u00e1 o Progressistas (PP) ignorou os apelos da c\u00fapula do PL e declinou o convite de indicar a senadora Tereza Cristina para a vice. O Republicanos barrou a investida da bancada paulista e optou por n\u00e3o se amarrar ao projeto do PL. At\u00e9 mesmo o Podemos, que aparecia como uma alternativa de \u00faltima hora para as articula\u00e7\u00f5es da campanha, indicou que seguir\u00e1 o mesmo roteiro de independ\u00eancia e neutralidade.<\/p>\n\n\n\n<p class=\"wp-block-paragraph\">A estrat\u00e9gia desenhada pelo Partido Liberal para construir uma grande coliga\u00e7\u00e3o de direita ruiu na reta final do prazo de conven\u00e7\u00f5es partid\u00e1rias, que se encerra nesta quarta-feira, 5 de agosto. Sem conseguir atrair nenhuma das grandes legendas de centro, a tend\u00eancia consolidada nos bastidores \u00e9 de que o PL seja for\u00e7ado a concorrer por meio de uma chapa pura.<\/p>\n\n\n\n<p class=\"wp-block-paragraph\">Entre os nomes internos do partido cogitados para assumir o posto de vice ao lado do senador est\u00e1 a economista Daniella Marques, ex-presidente da Caixa Econ\u00f4mica Federal. A falta de alian\u00e7as nacionais n\u00e3o apenas reduz o tempo de propaganda gratuita de r\u00e1dio e televis\u00e3o do candidato, como exp\u00f5e uma clara fratura no bloco que dava sustenta\u00e7\u00e3o ao espectro pol\u00edtico da direita tradicional.<\/p>\n\n\n\n<figure class=\"wp-block-image size-full\"><img loading=\"lazy\" decoding=\"async\" width=\"1024\" height=\"576\" src=\"https:\/\/blogdorogeriogomes.com.br\/noticias\/wp-content\/uploads\/2026\/08\/WhatsApp-Image-2026-07-10-at-13.53.02-1024x576-1.jpeg\" alt=\"\" class=\"wp-image-41609\" srcset=\"https:\/\/blogdorogeriogomes.com.br\/noticias\/wp-content\/uploads\/2026\/08\/WhatsApp-Image-2026-07-10-at-13.53.02-1024x576-1.jpeg 1024w, https:\/\/blogdorogeriogomes.com.br\/noticias\/wp-content\/uploads\/2026\/08\/WhatsApp-Image-2026-07-10-at-13.53.02-1024x576-1-300x169.jpeg 300w, https:\/\/blogdorogeriogomes.com.br\/noticias\/wp-content\/uploads\/2026\/08\/WhatsApp-Image-2026-07-10-at-13.53.02-1024x576-1-768x432.jpeg 768w, https:\/\/blogdorogeriogomes.com.br\/noticias\/wp-content\/uploads\/2026\/08\/WhatsApp-Image-2026-07-10-at-13.53.02-1024x576-1-800x450.jpeg 800w\" sizes=\"auto, (max-width: 1024px) 100vw, 1024px\" \/><\/figure>\n","protected":false},"excerpt":{"rendered":"<p>O cen\u00e1rio eleitoral para a disputa presidencial sofreu uma nova reviravolta com a decis\u00e3o do Republicanos de manter a neutralidade institucional no primeiro turno. A legenda recusou formalmente o convite do senador Fl\u00e1vio Bolsonaro (PL-RJ) para indicar o nome que ocuparia a vaga de candidato a vice-presidente em sua chapa. A delibera\u00e7\u00e3o foi oficializada pela executiva nacional do partido comandado pelo deputado federal Marcos Pereira (SP). A decis\u00e3o concede liberdade total para que os diret\u00f3rios estaduais definam seus apoios&hellip;<\/p>\n","protected":false},"author":1,"featured_media":41609,"comment_status":"open","ping_status":"open","sticky":false,"template":"","format":"standard","meta":{"footnotes":""},"categories":[1],"tags":[],"class_list":["post-41608","post","type-post","status-publish","format-standard","has-post-thumbnail","hentry","category-noticias"],"_links":{"self":[{"href":"https:\/\/blogdorogeriogomes.com.br\/noticias\/wp-json\/wp\/v2\/posts\/41608","targetHints":{"allow":["GET"]}}],"collection":[{"href":"https:\/\/blogdorogeriogomes.com.br\/noticias\/wp-json\/wp\/v2\/posts"}],"about":[{"href":"https:\/\/blogdorogeriogomes.com.br\/noticias\/wp-json\/wp\/v2\/types\/post"}],"author":[{"embeddable":true,"href":"https:\/\/blogdorogeriogomes.com.br\/noticias\/wp-json\/wp\/v2\/users\/1"}],"replies":[{"embeddable":true,"href":"https:\/\/blogdorogeriogomes.com.br\/noticias\/wp-json\/wp\/v2\/comments?post=41608"}],"version-history":[{"count":1,"href":"https:\/\/blogdorogeriogomes.com.br\/noticias\/wp-json\/wp\/v2\/posts\/41608\/revisions"}],"predecessor-version":[{"id":41610,"href":"https:\/\/blogdorogeriogomes.com.br\/noticias\/wp-json\/wp\/v2\/posts\/41608\/revisions\/41610"}],"wp:featuredmedia":[{"embeddable":true,"href":"https:\/\/blogdorogeriogomes.com.br\/noticias\/wp-json\/wp\/v2\/media\/41609"}],"wp:attachment":[{"href":"https:\/\/blogdorogeriogomes.com.br\/noticias\/wp-json\/wp\/v2\/media?parent=41608"}],"wp:term":[{"taxonomy":"category","embeddable":true,"href":"https:\/\/blogdorogeriogomes.com.br\/noticias\/wp-json\/wp\/v2\/categories?post=41608"},{"taxonomy":"post_tag","embeddable":true,"href":"https:\/\/blogdorogeriogomes.com.br\/noticias\/wp-json\/wp\/v2\/tags?post=41608"}],"curies":[{"name":"wp","href":"https:\/\/api.w.org\/{rel}","templated":true}]}}