{"id":41611,"date":"2026-08-04T07:58:51","date_gmt":"2026-08-04T07:58:51","guid":{"rendered":"https:\/\/blogdorogeriogomes.com.br\/noticias\/?p=41611"},"modified":"2026-08-04T07:58:51","modified_gmt":"2026-08-04T07:58:51","slug":"javier-milei-faz-novos-ataques-contra-lula-em-estrategia-alinhada-a-direita-dos-eua-para-favorecer-oposicao-no-brasil","status":"publish","type":"post","link":"https:\/\/blogdorogeriogomes.com.br\/noticias\/2026\/08\/javier-milei-faz-novos-ataques-contra-lula-em-estrategia-alinhada-a-direita-dos-eua-para-favorecer-oposicao-no-brasil\/","title":{"rendered":"Javier Milei faz novos ataques contra Lula em estrat\u00e9gia alinhada \u00e0 direita dos EUA para favorecer oposi\u00e7\u00e3o no Brasil"},"content":{"rendered":"\n<p class=\"wp-block-paragraph\">A diplomacia entre Brasil e Argentina vive um dos seus momentos mais tensos, impulsionada por uma sucess\u00e3o de agress\u00f5es verbais do presidente argentino, Javier Milei, contra o presidente Luiz In\u00e1cio Lula da Silva. Bastidores de Bras\u00edlia e analistas pol\u00edticos apontam que a postura de Milei n\u00e3o \u00e9 isolada. Ela segue uma cartilha de alas da extrema-direita dos Estados Unidos voltada a desgastar a imagem do governo federal e interferir indiretamente no xadrez eleitoral brasileiro, pavimentando o caminho para o fortalecimento de candidatos da oposi\u00e7\u00e3o, como o senador Fl\u00e1vio Bolsonaro.<\/p>\n\n\n\n<p class=\"wp-block-paragraph\">A ofensiva de Javier Milei reflete a articula\u00e7\u00e3o de redes globais de direita, fortemente influenciadas por estrategistas pol\u00edticos norte-americanos. O objetivo dessa linha de a\u00e7\u00e3o \u00e9 duplo: desestabilizar a lideran\u00e7a regional de Lula na Am\u00e9rica Latina e nutrir a narrativa da oposi\u00e7\u00e3o brasileira, criando um ambiente favor\u00e1vel para o campo pol\u00edtico de Jair Bolsonaro e seus aliados visando os pr\u00f3ximos pleitos.<\/p>\n\n\n\n<p class=\"wp-block-paragraph\">Ao atacar a gest\u00e3o brasileira, Milei atua como uma caixa de resson\u00e2ncia externa para pautas da direita dos EUA, que enxerga no Brasil o principal campo de batalha pol\u00edtico do hemisf\u00e9rio sul. O fortalecimento do nome de Fl\u00e1vio Bolsonaro surge como prioridade para esse grupo, que busca consolidar um bloco conservador homog\u00eaneo nas Am\u00e9ricas.<\/p>\n\n\n\n<p class=\"wp-block-paragraph\">Diante do cen\u00e1rio de hostilidade, o Pal\u00e1cio do Planalto e o Minist\u00e9rio das Rela\u00e7\u00f5es Exteriores adotaram uma estrat\u00e9gia de conten\u00e7\u00e3o baseada no sil\u00eancio e no pragmatismo. O Governo Lula decidiu adiar por tempo indeterminado o retorno do embaixador brasileiro a Buenos Aires. A medida visa esfriar a crise e evitar que a presen\u00e7a do diplomata seja utilizada por Milei como palco para novos palanques ideol\u00f3gicos.<\/p>\n\n\n\n<p class=\"wp-block-paragraph\">Lula tem orientado seus interlocutores a ignorar as ofensas. O foco \u00e9 esnobar o presidente argentino, privando-o do conflito direto que Milei busca para inflamar suas bases digitais. Apesar do congelamento pol\u00edtico, o Brasil mant\u00e9m os canais t\u00e9cnicos e comerciais abertos, entendendo que a rela\u00e7\u00e3o de Estado com a Argentina, segundo maior parceiro comercial do pa\u00eds na regi\u00e3o, deve ser preservada acima das disputas ideol\u00f3gicas partid\u00e1rias.<\/p>\n\n\n\n<figure class=\"wp-block-image size-large\"><img loading=\"lazy\" decoding=\"async\" width=\"1024\" height=\"576\" src=\"https:\/\/blogdorogeriogomes.com.br\/noticias\/wp-content\/uploads\/2026\/08\/1536x864_cmsv2_8a6a516c-b57d-523b-af53-83d7a7316afc-9844750-1024x576.jpg\" alt=\"\" class=\"wp-image-41612\" srcset=\"https:\/\/blogdorogeriogomes.com.br\/noticias\/wp-content\/uploads\/2026\/08\/1536x864_cmsv2_8a6a516c-b57d-523b-af53-83d7a7316afc-9844750-1024x576.jpg 1024w, https:\/\/blogdorogeriogomes.com.br\/noticias\/wp-content\/uploads\/2026\/08\/1536x864_cmsv2_8a6a516c-b57d-523b-af53-83d7a7316afc-9844750-300x169.jpg 300w, https:\/\/blogdorogeriogomes.com.br\/noticias\/wp-content\/uploads\/2026\/08\/1536x864_cmsv2_8a6a516c-b57d-523b-af53-83d7a7316afc-9844750-768x432.jpg 768w, https:\/\/blogdorogeriogomes.com.br\/noticias\/wp-content\/uploads\/2026\/08\/1536x864_cmsv2_8a6a516c-b57d-523b-af53-83d7a7316afc-9844750-800x450.jpg 800w, https:\/\/blogdorogeriogomes.com.br\/noticias\/wp-content\/uploads\/2026\/08\/1536x864_cmsv2_8a6a516c-b57d-523b-af53-83d7a7316afc-9844750.jpg 1536w\" sizes=\"auto, (max-width: 1024px) 100vw, 1024px\" \/><\/figure>\n\n\n\n<p class=\"wp-block-paragraph\"><\/p>\n","protected":false},"excerpt":{"rendered":"<p>A diplomacia entre Brasil e Argentina vive um dos seus momentos mais tensos, impulsionada por uma sucess\u00e3o de agress\u00f5es verbais do presidente argentino, Javier Milei, contra o presidente Luiz In\u00e1cio Lula da Silva. Bastidores de Bras\u00edlia e analistas pol\u00edticos apontam que a postura de Milei n\u00e3o \u00e9 isolada. Ela segue uma cartilha de alas da extrema-direita dos Estados Unidos voltada a desgastar a imagem do governo federal e interferir indiretamente no xadrez eleitoral brasileiro, pavimentando o caminho para o&hellip;<\/p>\n","protected":false},"author":1,"featured_media":41612,"comment_status":"open","ping_status":"open","sticky":false,"template":"","format":"standard","meta":{"footnotes":""},"categories":[1],"tags":[],"class_list":["post-41611","post","type-post","status-publish","format-standard","has-post-thumbnail","hentry","category-noticias"],"_links":{"self":[{"href":"https:\/\/blogdorogeriogomes.com.br\/noticias\/wp-json\/wp\/v2\/posts\/41611","targetHints":{"allow":["GET"]}}],"collection":[{"href":"https:\/\/blogdorogeriogomes.com.br\/noticias\/wp-json\/wp\/v2\/posts"}],"about":[{"href":"https:\/\/blogdorogeriogomes.com.br\/noticias\/wp-json\/wp\/v2\/types\/post"}],"author":[{"embeddable":true,"href":"https:\/\/blogdorogeriogomes.com.br\/noticias\/wp-json\/wp\/v2\/users\/1"}],"replies":[{"embeddable":true,"href":"https:\/\/blogdorogeriogomes.com.br\/noticias\/wp-json\/wp\/v2\/comments?post=41611"}],"version-history":[{"count":1,"href":"https:\/\/blogdorogeriogomes.com.br\/noticias\/wp-json\/wp\/v2\/posts\/41611\/revisions"}],"predecessor-version":[{"id":41613,"href":"https:\/\/blogdorogeriogomes.com.br\/noticias\/wp-json\/wp\/v2\/posts\/41611\/revisions\/41613"}],"wp:featuredmedia":[{"embeddable":true,"href":"https:\/\/blogdorogeriogomes.com.br\/noticias\/wp-json\/wp\/v2\/media\/41612"}],"wp:attachment":[{"href":"https:\/\/blogdorogeriogomes.com.br\/noticias\/wp-json\/wp\/v2\/media?parent=41611"}],"wp:term":[{"taxonomy":"category","embeddable":true,"href":"https:\/\/blogdorogeriogomes.com.br\/noticias\/wp-json\/wp\/v2\/categories?post=41611"},{"taxonomy":"post_tag","embeddable":true,"href":"https:\/\/blogdorogeriogomes.com.br\/noticias\/wp-json\/wp\/v2\/tags?post=41611"}],"curies":[{"name":"wp","href":"https:\/\/api.w.org\/{rel}","templated":true}]}}