{"id":41617,"date":"2026-08-04T20:23:27","date_gmt":"2026-08-04T20:23:27","guid":{"rendered":"https:\/\/blogdorogeriogomes.com.br\/noticias\/?p=41617"},"modified":"2026-08-04T20:23:28","modified_gmt":"2026-08-04T20:23:28","slug":"tre-do-ceara-valida-apoio-da-federacao-uniao-progressista-a-ciro-gomes-por-4-a-2","status":"publish","type":"post","link":"https:\/\/blogdorogeriogomes.com.br\/noticias\/2026\/08\/tre-do-ceara-valida-apoio-da-federacao-uniao-progressista-a-ciro-gomes-por-4-a-2\/","title":{"rendered":"TRE do Cear\u00e1 valida apoio da federa\u00e7\u00e3o Uni\u00e3o Progressista a Ciro Gomes por 4 a 2"},"content":{"rendered":"\n<p class=\"wp-block-paragraph\">Em julgamento nesta ter\u00e7a-feira, dia 4 de agosto, o Tribunal Regional Eleitoral do Cear\u00e1 deliberou sobre a regularidade das coliga\u00e7\u00f5es partid\u00e1rias para a disputa do Governo do Estado. Por maioria de votos, a Justi\u00e7a Eleitoral reconheceu a validade da alian\u00e7a firmada pela federa\u00e7\u00e3o que decidiu apoiar o nome do ex-ministro Ciro Gomes (PSDB) para o Governo do Cear\u00e1. Roberto Cl\u00e1udio (Uni\u00e3o) e Capit\u00e3o Wagner (Uni\u00e3o) seguem como candidatos a vice-governador e a senador.<\/p>\n\n\n\n<p class=\"wp-block-paragraph\">O placar apertado de 4 a 2 refletiu a intensa diverg\u00eancia jur\u00eddica entre os magistrados. O questionamento central girava em torno de supostas irregularidades regimentais na conven\u00e7\u00e3o que oficializou a parceria. Defensores da contesta\u00e7\u00e3o alegavam que prazos internos n\u00e3o foram devidamente cumpridos pelas siglas.<\/p>\n\n\n\n<p class=\"wp-block-paragraph\">A tese vencedora apontou que a autonomia partid\u00e1ria deve ser preservada. Os ju\u00edzes favor\u00e1veis destacaram a aus\u00eancia de preju\u00edzos legais no processo de escolha. Com o parecer positivo do tribunal, o bloco governista ganha musculatura pol\u00edtica e maior tempo de propaganda no r\u00e1dio e na televis\u00e3o.<\/p>\n\n\n\n<p class=\"wp-block-paragraph\">Na vota\u00e7\u00e3o, os desembargadores eleitorais Wilker Macedo Lima, relator da a\u00e7\u00e3o, e Leonardo Vasconcelos votaram pela anula\u00e7\u00e3o da conven\u00e7\u00e3o. J\u00e1 os desembargadores eleitorais Emanuel Leite Albuquerque, Jos\u00e9 Maximiliano Machado Cavalcanti, Edilberto Oliveira Lima e Jos\u00e9 Cavalcante J\u00fanior votaram contr\u00e1rios ao pedido da ala governista no PP e Uni\u00e3o Brasil.<\/p>\n\n\n\n<figure class=\"wp-block-image size-full\"><img loading=\"lazy\" decoding=\"async\" width=\"962\" height=\"722\" src=\"https:\/\/blogdorogeriogomes.com.br\/noticias\/wp-content\/uploads\/2026\/08\/ciro-gomes-roberto-claudio-e-capitao-wagner-unidos-em-uma-so-chapa-1785272341398_v2_4x3.jpg\" alt=\"\" class=\"wp-image-41618\" srcset=\"https:\/\/blogdorogeriogomes.com.br\/noticias\/wp-content\/uploads\/2026\/08\/ciro-gomes-roberto-claudio-e-capitao-wagner-unidos-em-uma-so-chapa-1785272341398_v2_4x3.jpg 962w, https:\/\/blogdorogeriogomes.com.br\/noticias\/wp-content\/uploads\/2026\/08\/ciro-gomes-roberto-claudio-e-capitao-wagner-unidos-em-uma-so-chapa-1785272341398_v2_4x3-300x225.jpg 300w, https:\/\/blogdorogeriogomes.com.br\/noticias\/wp-content\/uploads\/2026\/08\/ciro-gomes-roberto-claudio-e-capitao-wagner-unidos-em-uma-so-chapa-1785272341398_v2_4x3-768x576.jpg 768w, https:\/\/blogdorogeriogomes.com.br\/noticias\/wp-content\/uploads\/2026\/08\/ciro-gomes-roberto-claudio-e-capitao-wagner-unidos-em-uma-so-chapa-1785272341398_v2_4x3-800x600.jpg 800w, https:\/\/blogdorogeriogomes.com.br\/noticias\/wp-content\/uploads\/2026\/08\/ciro-gomes-roberto-claudio-e-capitao-wagner-unidos-em-uma-so-chapa-1785272341398_v2_4x3-400x300.jpg 400w\" sizes=\"auto, (max-width: 962px) 100vw, 962px\" \/><\/figure>\n","protected":false},"excerpt":{"rendered":"<p>Em julgamento nesta ter\u00e7a-feira, dia 4 de agosto, o Tribunal Regional Eleitoral do Cear\u00e1 deliberou sobre a regularidade das coliga\u00e7\u00f5es partid\u00e1rias para a disputa do Governo do Estado. Por maioria de votos, a Justi\u00e7a Eleitoral reconheceu a validade da alian\u00e7a firmada pela federa\u00e7\u00e3o que decidiu apoiar o nome do ex-ministro Ciro Gomes (PSDB) para o Governo do Cear\u00e1. Roberto Cl\u00e1udio (Uni\u00e3o) e Capit\u00e3o Wagner (Uni\u00e3o) seguem como candidatos a vice-governador e a senador. O placar apertado de 4 a&hellip;<\/p>\n","protected":false},"author":1,"featured_media":41618,"comment_status":"open","ping_status":"open","sticky":false,"template":"","format":"standard","meta":{"footnotes":""},"categories":[1],"tags":[],"class_list":["post-41617","post","type-post","status-publish","format-standard","has-post-thumbnail","hentry","category-noticias"],"_links":{"self":[{"href":"https:\/\/blogdorogeriogomes.com.br\/noticias\/wp-json\/wp\/v2\/posts\/41617","targetHints":{"allow":["GET"]}}],"collection":[{"href":"https:\/\/blogdorogeriogomes.com.br\/noticias\/wp-json\/wp\/v2\/posts"}],"about":[{"href":"https:\/\/blogdorogeriogomes.com.br\/noticias\/wp-json\/wp\/v2\/types\/post"}],"author":[{"embeddable":true,"href":"https:\/\/blogdorogeriogomes.com.br\/noticias\/wp-json\/wp\/v2\/users\/1"}],"replies":[{"embeddable":true,"href":"https:\/\/blogdorogeriogomes.com.br\/noticias\/wp-json\/wp\/v2\/comments?post=41617"}],"version-history":[{"count":1,"href":"https:\/\/blogdorogeriogomes.com.br\/noticias\/wp-json\/wp\/v2\/posts\/41617\/revisions"}],"predecessor-version":[{"id":41619,"href":"https:\/\/blogdorogeriogomes.com.br\/noticias\/wp-json\/wp\/v2\/posts\/41617\/revisions\/41619"}],"wp:featuredmedia":[{"embeddable":true,"href":"https:\/\/blogdorogeriogomes.com.br\/noticias\/wp-json\/wp\/v2\/media\/41618"}],"wp:attachment":[{"href":"https:\/\/blogdorogeriogomes.com.br\/noticias\/wp-json\/wp\/v2\/media?parent=41617"}],"wp:term":[{"taxonomy":"category","embeddable":true,"href":"https:\/\/blogdorogeriogomes.com.br\/noticias\/wp-json\/wp\/v2\/categories?post=41617"},{"taxonomy":"post_tag","embeddable":true,"href":"https:\/\/blogdorogeriogomes.com.br\/noticias\/wp-json\/wp\/v2\/tags?post=41617"}],"curies":[{"name":"wp","href":"https:\/\/api.w.org\/{rel}","templated":true}]}}