{"id":41620,"date":"2026-08-04T20:36:10","date_gmt":"2026-08-04T20:36:10","guid":{"rendered":"https:\/\/blogdorogeriogomes.com.br\/noticias\/?p=41620"},"modified":"2026-08-04T20:36:10","modified_gmt":"2026-08-04T20:36:10","slug":"eduardo-girao-desiste-de-concorrer-ao-governo-do-ceara-e-assume-vaga-de-vice-na-chapa-presidencial-de-romeu-zema","status":"publish","type":"post","link":"https:\/\/blogdorogeriogomes.com.br\/noticias\/2026\/08\/eduardo-girao-desiste-de-concorrer-ao-governo-do-ceara-e-assume-vaga-de-vice-na-chapa-presidencial-de-romeu-zema\/","title":{"rendered":"Eduardo Gir\u00e3o desiste de concorrer ao Governo do Cear\u00e1 e assume vaga de vice na chapa presidencial de Romeu Zema"},"content":{"rendered":"\n<p class=\"wp-block-paragraph\">O Partido Novo anunciou oficialmente a escolha do senador cearense Eduardo Gir\u00e3o como candidato a vice-presidente na chapa de Romeu Zema para as Elei\u00e7\u00f5es de 2026. Com a decis\u00e3o, Gir\u00e3o desiste de sua candidatura ao Governo do Cear\u00e1, reconfigurando as for\u00e7as pol\u00edticas locais e consolidando uma chapa &#8220;puro-sangue&#8221; na corrida ao Pal\u00e1cio do Planalto.<\/p>\n\n\n\n<p class=\"wp-block-paragraph\">At\u00e9 a \u00faltima semana, Eduardo Gir\u00e3o sustentava publicamente que sua prioridade m\u00e1xima era a disputa pelo Pal\u00e1cio da Aboli\u00e7\u00e3o, sede do Executivo cearense. Contudo, a press\u00e3o das negocia\u00e7\u00f5es nacionais e o desempenho modesto nos levantamentos locais, onde pontuava entre 3% e 5% das inten\u00e7\u00f5es de voto, atr\u00e1s de Ciro Gomes (PSDB) e do governador Elmano de Freitas (PT), pesaram na mudan\u00e7a de estrat\u00e9gia.<\/p>\n\n\n\n<p class=\"wp-block-paragraph\">A defini\u00e7\u00e3o ocorreu ap\u00f3s o Novo enfrentar dificuldades para consolidar alian\u00e7as com outras legendas, como o Podemos e o Democracia Crist\u00e3 (DC). Diante do isolamento partid\u00e1rio, a sigla optou por uma solu\u00e7\u00e3o caseira de forte apelo conservador.<\/p>\n\n\n\n<figure class=\"wp-block-image size-full\"><img loading=\"lazy\" decoding=\"async\" width=\"595\" height=\"401\" src=\"https:\/\/blogdorogeriogomes.com.br\/noticias\/wp-content\/uploads\/2026\/08\/18c207488beafa4c83b7d16d0903cc11.png\" alt=\"\" class=\"wp-image-41621\" srcset=\"https:\/\/blogdorogeriogomes.com.br\/noticias\/wp-content\/uploads\/2026\/08\/18c207488beafa4c83b7d16d0903cc11.png 595w, https:\/\/blogdorogeriogomes.com.br\/noticias\/wp-content\/uploads\/2026\/08\/18c207488beafa4c83b7d16d0903cc11-300x202.png 300w\" sizes=\"auto, (max-width: 595px) 100vw, 595px\" \/><\/figure>\n","protected":false},"excerpt":{"rendered":"<p>O Partido Novo anunciou oficialmente a escolha do senador cearense Eduardo Gir\u00e3o como candidato a vice-presidente na chapa de Romeu Zema para as Elei\u00e7\u00f5es de 2026. Com a decis\u00e3o, Gir\u00e3o desiste de sua candidatura ao Governo do Cear\u00e1, reconfigurando as for\u00e7as pol\u00edticas locais e consolidando uma chapa &#8220;puro-sangue&#8221; na corrida ao Pal\u00e1cio do Planalto. At\u00e9 a \u00faltima semana, Eduardo Gir\u00e3o sustentava publicamente que sua prioridade m\u00e1xima era a disputa pelo Pal\u00e1cio da Aboli\u00e7\u00e3o, sede do Executivo cearense. Contudo, a&hellip;<\/p>\n","protected":false},"author":1,"featured_media":41621,"comment_status":"open","ping_status":"open","sticky":false,"template":"","format":"standard","meta":{"footnotes":""},"categories":[1],"tags":[],"class_list":["post-41620","post","type-post","status-publish","format-standard","has-post-thumbnail","hentry","category-noticias"],"_links":{"self":[{"href":"https:\/\/blogdorogeriogomes.com.br\/noticias\/wp-json\/wp\/v2\/posts\/41620","targetHints":{"allow":["GET"]}}],"collection":[{"href":"https:\/\/blogdorogeriogomes.com.br\/noticias\/wp-json\/wp\/v2\/posts"}],"about":[{"href":"https:\/\/blogdorogeriogomes.com.br\/noticias\/wp-json\/wp\/v2\/types\/post"}],"author":[{"embeddable":true,"href":"https:\/\/blogdorogeriogomes.com.br\/noticias\/wp-json\/wp\/v2\/users\/1"}],"replies":[{"embeddable":true,"href":"https:\/\/blogdorogeriogomes.com.br\/noticias\/wp-json\/wp\/v2\/comments?post=41620"}],"version-history":[{"count":1,"href":"https:\/\/blogdorogeriogomes.com.br\/noticias\/wp-json\/wp\/v2\/posts\/41620\/revisions"}],"predecessor-version":[{"id":41622,"href":"https:\/\/blogdorogeriogomes.com.br\/noticias\/wp-json\/wp\/v2\/posts\/41620\/revisions\/41622"}],"wp:featuredmedia":[{"embeddable":true,"href":"https:\/\/blogdorogeriogomes.com.br\/noticias\/wp-json\/wp\/v2\/media\/41621"}],"wp:attachment":[{"href":"https:\/\/blogdorogeriogomes.com.br\/noticias\/wp-json\/wp\/v2\/media?parent=41620"}],"wp:term":[{"taxonomy":"category","embeddable":true,"href":"https:\/\/blogdorogeriogomes.com.br\/noticias\/wp-json\/wp\/v2\/categories?post=41620"},{"taxonomy":"post_tag","embeddable":true,"href":"https:\/\/blogdorogeriogomes.com.br\/noticias\/wp-json\/wp\/v2\/tags?post=41620"}],"curies":[{"name":"wp","href":"https:\/\/api.w.org\/{rel}","templated":true}]}}