{"id":41630,"date":"2026-08-05T20:28:50","date_gmt":"2026-08-05T20:28:50","guid":{"rendered":"https:\/\/blogdorogeriogomes.com.br\/noticias\/?p=41630"},"modified":"2026-08-05T20:28:51","modified_gmt":"2026-08-05T20:28:51","slug":"cupula-governista-define-luizianne-lins-como-segunda-candidata-ao-senado-na-chapa-de-elmano-de-freitas","status":"publish","type":"post","link":"https:\/\/blogdorogeriogomes.com.br\/noticias\/2026\/08\/cupula-governista-define-luizianne-lins-como-segunda-candidata-ao-senado-na-chapa-de-elmano-de-freitas\/","title":{"rendered":"C\u00fapula governista define Luizianne Lins como segunda candidata ao Senado na chapa de Elmano de Freitas"},"content":{"rendered":"\n<p class=\"wp-block-paragraph\">A alta c\u00fapula da base governista do Cear\u00e1 encerrou uma das negocia\u00e7\u00f5es mais longas do arranjo pol\u00edtico para as elei\u00e7\u00f5es atuais. A deputada federal Luizianmr Lins (Rede) ocupar\u00e1 a segunda vaga na disputa pelo Senado Federal na chapa majorit\u00e1ria de Elmano de Freitas (PT) busca a reelei\u00e7\u00e3o ao governo do Estado. O martelo foi batido ap\u00f3s reuni\u00f5es decisivas na capital cearense, consolidando a alian\u00e7a do bloco de esquerda e centro-esquerda no estado.<\/p>\n\n\n\n<p class=\"wp-block-paragraph\">A escolha da ex-prefeita de Fortaleza ocorreu no limite do prazo das conven\u00e7\u00f5es partid\u00e1rias. O desfecho ganhou tra\u00e7\u00e3o ap\u00f3s uma liga\u00e7\u00e3o direta do governador Elmano de Freitas, que fez Luizianne pegar um voo de Bras\u00edlia para o Cear\u00e1 para alinhar os \u00faltimos termos com o senador Camilo Santana (PT) e o ministro Jos\u00e9 Guimar\u00e3es (PT).<\/p>\n\n\n\n<p class=\"wp-block-paragraph\">Antes do an\u00fancio, outros nomes de peso eram cotados para o posto, como o deputado federal Eun\u00edcio Oliveira (MDB) e o empres\u00e1rio Chiquinho Feitosa (Republicanos), que abriram m\u00e3o da disputa, afunilando o espa\u00e7o para Luizianne e Chagas Vieira, que acabou contemplado na supl\u00eancia.<\/p>\n\n\n\n<p class=\"wp-block-paragraph\">Com a indica\u00e7\u00e3o de Luizianne, o grupo governista une duas for\u00e7as eleitorais expressivas no Cear\u00e1. O pr\u00f3prio senador Cid Gomes vinha sendo um dos principais defensores da presen\u00e7a da deputada na chapa, sob o argumento de que a inclus\u00e3o da Federa\u00e7\u00e3o PSOL-Rede amplia o arco de alian\u00e7as e o di\u00e1logo com os movimentos sociais e com o eleitorado da Regi\u00e3o Metropolitana de Fortaleza.<\/p>\n\n\n\n<figure class=\"wp-block-image size-full\"><img loading=\"lazy\" decoding=\"async\" width=\"1600\" height=\"1067\" src=\"https:\/\/blogdorogeriogomes.com.br\/noticias\/wp-content\/uploads\/2026\/08\/luizianne-lins-deputada.jpg\" alt=\"\" class=\"wp-image-41632\"\/><\/figure>\n","protected":false},"excerpt":{"rendered":"<p>A alta c\u00fapula da base governista do Cear\u00e1 encerrou uma das negocia\u00e7\u00f5es mais longas do arranjo pol\u00edtico para as elei\u00e7\u00f5es atuais. A deputada federal Luizianmr Lins (Rede) ocupar\u00e1 a segunda vaga na disputa pelo Senado Federal na chapa majorit\u00e1ria de Elmano de Freitas (PT) busca a reelei\u00e7\u00e3o ao governo do Estado. O martelo foi batido ap\u00f3s reuni\u00f5es decisivas na capital cearense, consolidando a alian\u00e7a do bloco de esquerda e centro-esquerda no estado. A escolha da ex-prefeita de Fortaleza ocorreu&hellip;<\/p>\n","protected":false},"author":1,"featured_media":41632,"comment_status":"open","ping_status":"open","sticky":false,"template":"","format":"standard","meta":{"footnotes":""},"categories":[1],"tags":[],"class_list":["post-41630","post","type-post","status-publish","format-standard","has-post-thumbnail","hentry","category-noticias"],"_links":{"self":[{"href":"https:\/\/blogdorogeriogomes.com.br\/noticias\/wp-json\/wp\/v2\/posts\/41630","targetHints":{"allow":["GET"]}}],"collection":[{"href":"https:\/\/blogdorogeriogomes.com.br\/noticias\/wp-json\/wp\/v2\/posts"}],"about":[{"href":"https:\/\/blogdorogeriogomes.com.br\/noticias\/wp-json\/wp\/v2\/types\/post"}],"author":[{"embeddable":true,"href":"https:\/\/blogdorogeriogomes.com.br\/noticias\/wp-json\/wp\/v2\/users\/1"}],"replies":[{"embeddable":true,"href":"https:\/\/blogdorogeriogomes.com.br\/noticias\/wp-json\/wp\/v2\/comments?post=41630"}],"version-history":[{"count":2,"href":"https:\/\/blogdorogeriogomes.com.br\/noticias\/wp-json\/wp\/v2\/posts\/41630\/revisions"}],"predecessor-version":[{"id":41633,"href":"https:\/\/blogdorogeriogomes.com.br\/noticias\/wp-json\/wp\/v2\/posts\/41630\/revisions\/41633"}],"wp:featuredmedia":[{"embeddable":true,"href":"https:\/\/blogdorogeriogomes.com.br\/noticias\/wp-json\/wp\/v2\/media\/41632"}],"wp:attachment":[{"href":"https:\/\/blogdorogeriogomes.com.br\/noticias\/wp-json\/wp\/v2\/media?parent=41630"}],"wp:term":[{"taxonomy":"category","embeddable":true,"href":"https:\/\/blogdorogeriogomes.com.br\/noticias\/wp-json\/wp\/v2\/categories?post=41630"},{"taxonomy":"post_tag","embeddable":true,"href":"https:\/\/blogdorogeriogomes.com.br\/noticias\/wp-json\/wp\/v2\/tags?post=41630"}],"curies":[{"name":"wp","href":"https:\/\/api.w.org\/{rel}","templated":true}]}}