{"id":41634,"date":"2026-08-06T11:47:03","date_gmt":"2026-08-06T11:47:03","guid":{"rendered":"https:\/\/blogdorogeriogomes.com.br\/noticias\/?p=41634"},"modified":"2026-08-06T11:47:04","modified_gmt":"2026-08-06T11:47:04","slug":"ceara-lidera-educacao-no-pais-com-24-escolas-dos-anos-finais-no-topo-do-ideb","status":"publish","type":"post","link":"https:\/\/blogdorogeriogomes.com.br\/noticias\/2026\/08\/ceara-lidera-educacao-no-pais-com-24-escolas-dos-anos-finais-no-topo-do-ideb\/","title":{"rendered":"Cear\u00e1 lidera educa\u00e7\u00e3o no Pa\u00eds com 24 escolas dos anos finais no topo do Ideb"},"content":{"rendered":"\n<p class=\"wp-block-paragraph\">O Cear\u00e1 consolidou sua lideran\u00e7a na educa\u00e7\u00e3o p\u00fablica nacional no \u00cdndice de Desenvolvimento da Educa\u00e7\u00e3o B\u00e1sica (Ideb). Segundo dados oficiais do Minist\u00e9rio da Educa\u00e7\u00e3o (MEC), o estado concentra 24 das melhores escolas p\u00fablicas de anos finais (6\u00ba ao 9\u00ba ano) do Brasil. A lista das 10 institui\u00e7\u00f5es de ensino mais bem pontuadas no ranking nacional \u00e9 composta exclusivamente por col\u00e9gios da rede municipal cearense, evidenciando o sucesso das pol\u00edticas locais de ensino.<\/p>\n\n\n\n<p class=\"wp-block-paragraph\">O desempenho do estado nos anos finais do Ensino Fundamental consagrou o modelo pedag\u00f3gico do territ\u00f3rio. Conforme o levantamento do MEC, as maiores notas do Brasil atingiram o \u00edndice de 9,5 pontos. Escolas que lideram o ranking nacional (Nota 9,5): EEF Jo\u00e3o Evangelista da Cruz (Munic\u00edpio de Cruz) e EEIF C\u00edcero Barbosa Maciel (Munic\u00edpio de Pedra Branca).<\/p>\n\n\n\n<p class=\"wp-block-paragraph\">O munic\u00edpio de Cruz desponta como um dos principais polos de excel\u00eancia. Al\u00e9m de conquistar a nota m\u00e1xima, a cidade do litoral norte abriga outras tr\u00eas unidades com nota 9,4 (Santa Cec\u00edlia, Pedro Marques da Cunha e Francisco Benedito de Farias), al\u00e9m da EEF Jo\u00e3o Evangelista Vasconcelos com nota 9,2.A cidade de Pires Ferreira tamb\u00e9m brilha no topo nacional com as Escolas de Tempo Integral Joaquim Rosa Barbosa e Ant\u00f4nio Silvano Bala\u00e7o, ambas registrando a marca de 9,4.<\/p>\n\n\n\n<p class=\"wp-block-paragraph\">Os dados demonstram que o crescimento da educa\u00e7\u00e3o cearense n\u00e3o se restringe a apenas um ciclo. O estado alcan\u00e7ou as maiores m\u00e9dias da sua s\u00e9rie hist\u00f3rica na rede p\u00fablica. Anos Iniciais (1\u00ba ao 5\u00ba ano): Saltou de 6,5 para 6,8 pontos, liderando o Nordeste. Anos Finais (6\u00ba ao 9\u00ba ano): Subiu de 5,4 para 5,6 pontos, acima da m\u00e9dia nacional de 5,0. Ensino M\u00e9dio: Registrou evolu\u00e7\u00e3o ao passar de 4,6 para 4,7 pontos, superando os 4,3 da m\u00e9dia do Brasil.<\/p>\n\n\n\n<p class=\"wp-block-paragraph\">No recorte por munic\u00edpios, a lideran\u00e7a nacional dos anos finais ficou com a cidade cearense de Deputado Irapuan Pinheiro, que atingiu a m\u00e9dia municipal de 9,3. A segunda posi\u00e7\u00e3o ficou empatada entre Ipaporanga (CE) e Santana do do Munda\u00fa (AL), ambas com \u00edndice 9,2.<\/p>\n\n\n\n<figure class=\"wp-block-image size-full\"><img loading=\"lazy\" decoding=\"async\" width=\"480\" height=\"360\" src=\"https:\/\/blogdorogeriogomes.com.br\/noticias\/wp-content\/uploads\/2026\/08\/educacao-reprovacao.webp\" alt=\"\" class=\"wp-image-41635\" srcset=\"https:\/\/blogdorogeriogomes.com.br\/noticias\/wp-content\/uploads\/2026\/08\/educacao-reprovacao.webp 480w, https:\/\/blogdorogeriogomes.com.br\/noticias\/wp-content\/uploads\/2026\/08\/educacao-reprovacao-300x225.webp 300w, https:\/\/blogdorogeriogomes.com.br\/noticias\/wp-content\/uploads\/2026\/08\/educacao-reprovacao-400x300.webp 400w\" sizes=\"auto, (max-width: 480px) 100vw, 480px\" \/><\/figure>\n","protected":false},"excerpt":{"rendered":"<p>O Cear\u00e1 consolidou sua lideran\u00e7a na educa\u00e7\u00e3o p\u00fablica nacional no \u00cdndice de Desenvolvimento da Educa\u00e7\u00e3o B\u00e1sica (Ideb). Segundo dados oficiais do Minist\u00e9rio da Educa\u00e7\u00e3o (MEC), o estado concentra 24 das melhores escolas p\u00fablicas de anos finais (6\u00ba ao 9\u00ba ano) do Brasil. A lista das 10 institui\u00e7\u00f5es de ensino mais bem pontuadas no ranking nacional \u00e9 composta exclusivamente por col\u00e9gios da rede municipal cearense, evidenciando o sucesso das pol\u00edticas locais de ensino. O desempenho do estado nos anos finais&hellip;<\/p>\n","protected":false},"author":1,"featured_media":41635,"comment_status":"open","ping_status":"open","sticky":false,"template":"","format":"standard","meta":{"footnotes":""},"categories":[1],"tags":[],"class_list":["post-41634","post","type-post","status-publish","format-standard","has-post-thumbnail","hentry","category-noticias"],"_links":{"self":[{"href":"https:\/\/blogdorogeriogomes.com.br\/noticias\/wp-json\/wp\/v2\/posts\/41634","targetHints":{"allow":["GET"]}}],"collection":[{"href":"https:\/\/blogdorogeriogomes.com.br\/noticias\/wp-json\/wp\/v2\/posts"}],"about":[{"href":"https:\/\/blogdorogeriogomes.com.br\/noticias\/wp-json\/wp\/v2\/types\/post"}],"author":[{"embeddable":true,"href":"https:\/\/blogdorogeriogomes.com.br\/noticias\/wp-json\/wp\/v2\/users\/1"}],"replies":[{"embeddable":true,"href":"https:\/\/blogdorogeriogomes.com.br\/noticias\/wp-json\/wp\/v2\/comments?post=41634"}],"version-history":[{"count":1,"href":"https:\/\/blogdorogeriogomes.com.br\/noticias\/wp-json\/wp\/v2\/posts\/41634\/revisions"}],"predecessor-version":[{"id":41636,"href":"https:\/\/blogdorogeriogomes.com.br\/noticias\/wp-json\/wp\/v2\/posts\/41634\/revisions\/41636"}],"wp:featuredmedia":[{"embeddable":true,"href":"https:\/\/blogdorogeriogomes.com.br\/noticias\/wp-json\/wp\/v2\/media\/41635"}],"wp:attachment":[{"href":"https:\/\/blogdorogeriogomes.com.br\/noticias\/wp-json\/wp\/v2\/media?parent=41634"}],"wp:term":[{"taxonomy":"category","embeddable":true,"href":"https:\/\/blogdorogeriogomes.com.br\/noticias\/wp-json\/wp\/v2\/categories?post=41634"},{"taxonomy":"post_tag","embeddable":true,"href":"https:\/\/blogdorogeriogomes.com.br\/noticias\/wp-json\/wp\/v2\/tags?post=41634"}],"curies":[{"name":"wp","href":"https:\/\/api.w.org\/{rel}","templated":true}]}}