{"id":41637,"date":"2026-08-06T12:28:32","date_gmt":"2026-08-06T12:28:32","guid":{"rendered":"https:\/\/blogdorogeriogomes.com.br\/noticias\/?p=41637"},"modified":"2026-08-06T12:28:33","modified_gmt":"2026-08-06T12:28:33","slug":"lula-e-davi-alcolumbre-acertam-reaproximacao-e-adiam-debate-sobre-fim-da-escala-6x1","status":"publish","type":"post","link":"https:\/\/blogdorogeriogomes.com.br\/noticias\/2026\/08\/lula-e-davi-alcolumbre-acertam-reaproximacao-e-adiam-debate-sobre-fim-da-escala-6x1\/","title":{"rendered":"Lula e Davi Alcolumbre acertam reaproxima\u00e7\u00e3o e adiam debate sobre fim da escala 6\u00d71"},"content":{"rendered":"\n<p class=\"wp-block-paragraph\">O presidente Lula e o presidente do Senado, Davi Alcolumbre, jantaram na resid\u00eancia do ministro do STF Alexandre de Moraes, em Bras\u00edlia, para reaproximar o Executivo e o Legislativo. No encontro, ficou acertado que temas complexos, como a PEC do fim da escala 6\u00d71, s\u00f3 ser\u00e3o discutidos ap\u00f3s as elei\u00e7\u00f5es de outubro.<\/p>\n\n\n\n<p class=\"wp-block-paragraph\">O jantar de tr\u00eas horas foi articulado pelos ministros Alexandre de Moraes e Cristiano Zanin. Ele marcou o primeiro contato direto ap\u00f3s meses de distanciamento institucional. A rela\u00e7\u00e3o entre Lula e Alcolumbre estava rompida desde que o Senado rejeitou a indica\u00e7\u00e3o do advogado-geral da Uni\u00e3o, Jorge Messias, para o Supremo.<\/p>\n\n\n\n<p class=\"wp-block-paragraph\">Como o ambiente social n\u00e3o era adequado para negocia\u00e7\u00f5es profundas, os dois l\u00edderes agendaram uma reuni\u00e3o privada a s\u00f3s para o fim da semana. O debate reservado deve focar no andamento da PEC da jornada de trabalho e nos rumos de uma nova indica\u00e7\u00e3o de Jorge Messias ao STF.<\/p>\n\n\n\n<figure class=\"wp-block-image size-full\"><img loading=\"lazy\" decoding=\"async\" width=\"1000\" height=\"667\" src=\"https:\/\/blogdorogeriogomes.com.br\/noticias\/wp-content\/uploads\/2026\/08\/0d9a8663_1-1000x667-1.jpg\" alt=\"\" class=\"wp-image-41639\" srcset=\"https:\/\/blogdorogeriogomes.com.br\/noticias\/wp-content\/uploads\/2026\/08\/0d9a8663_1-1000x667-1.jpg 1000w, https:\/\/blogdorogeriogomes.com.br\/noticias\/wp-content\/uploads\/2026\/08\/0d9a8663_1-1000x667-1-300x200.jpg 300w, https:\/\/blogdorogeriogomes.com.br\/noticias\/wp-content\/uploads\/2026\/08\/0d9a8663_1-1000x667-1-768x512.jpg 768w, https:\/\/blogdorogeriogomes.com.br\/noticias\/wp-content\/uploads\/2026\/08\/0d9a8663_1-1000x667-1-800x534.jpg 800w\" sizes=\"auto, (max-width: 1000px) 100vw, 1000px\" \/><\/figure>\n","protected":false},"excerpt":{"rendered":"<p>O presidente Lula e o presidente do Senado, Davi Alcolumbre, jantaram na resid\u00eancia do ministro do STF Alexandre de Moraes, em Bras\u00edlia, para reaproximar o Executivo e o Legislativo. No encontro, ficou acertado que temas complexos, como a PEC do fim da escala 6\u00d71, s\u00f3 ser\u00e3o discutidos ap\u00f3s as elei\u00e7\u00f5es de outubro. O jantar de tr\u00eas horas foi articulado pelos ministros Alexandre de Moraes e Cristiano Zanin. Ele marcou o primeiro contato direto ap\u00f3s meses de distanciamento institucional. A&hellip;<\/p>\n","protected":false},"author":1,"featured_media":41639,"comment_status":"open","ping_status":"open","sticky":false,"template":"","format":"standard","meta":{"footnotes":""},"categories":[1],"tags":[],"class_list":["post-41637","post","type-post","status-publish","format-standard","has-post-thumbnail","hentry","category-noticias"],"_links":{"self":[{"href":"https:\/\/blogdorogeriogomes.com.br\/noticias\/wp-json\/wp\/v2\/posts\/41637","targetHints":{"allow":["GET"]}}],"collection":[{"href":"https:\/\/blogdorogeriogomes.com.br\/noticias\/wp-json\/wp\/v2\/posts"}],"about":[{"href":"https:\/\/blogdorogeriogomes.com.br\/noticias\/wp-json\/wp\/v2\/types\/post"}],"author":[{"embeddable":true,"href":"https:\/\/blogdorogeriogomes.com.br\/noticias\/wp-json\/wp\/v2\/users\/1"}],"replies":[{"embeddable":true,"href":"https:\/\/blogdorogeriogomes.com.br\/noticias\/wp-json\/wp\/v2\/comments?post=41637"}],"version-history":[{"count":1,"href":"https:\/\/blogdorogeriogomes.com.br\/noticias\/wp-json\/wp\/v2\/posts\/41637\/revisions"}],"predecessor-version":[{"id":41640,"href":"https:\/\/blogdorogeriogomes.com.br\/noticias\/wp-json\/wp\/v2\/posts\/41637\/revisions\/41640"}],"wp:featuredmedia":[{"embeddable":true,"href":"https:\/\/blogdorogeriogomes.com.br\/noticias\/wp-json\/wp\/v2\/media\/41639"}],"wp:attachment":[{"href":"https:\/\/blogdorogeriogomes.com.br\/noticias\/wp-json\/wp\/v2\/media?parent=41637"}],"wp:term":[{"taxonomy":"category","embeddable":true,"href":"https:\/\/blogdorogeriogomes.com.br\/noticias\/wp-json\/wp\/v2\/categories?post=41637"},{"taxonomy":"post_tag","embeddable":true,"href":"https:\/\/blogdorogeriogomes.com.br\/noticias\/wp-json\/wp\/v2\/tags?post=41637"}],"curies":[{"name":"wp","href":"https:\/\/api.w.org\/{rel}","templated":true}]}}