{"id":41641,"date":"2026-08-10T01:46:00","date_gmt":"2026-08-10T01:46:00","guid":{"rendered":"https:\/\/blogdorogeriogomes.com.br\/noticias\/?p=41641"},"modified":"2026-08-10T01:46:00","modified_gmt":"2026-08-10T01:46:00","slug":"seguranca-publica-e-aliancas-politicas-marcam-primeiro-debate-ao-governo-do-ceara-entre-elmano-de-freitas-e-ciro-gomes","status":"publish","type":"post","link":"https:\/\/blogdorogeriogomes.com.br\/noticias\/2026\/08\/seguranca-publica-e-aliancas-politicas-marcam-primeiro-debate-ao-governo-do-ceara-entre-elmano-de-freitas-e-ciro-gomes\/","title":{"rendered":"Seguran\u00e7a p\u00fablica e alian\u00e7as pol\u00edticas marcam primeiro debate ao Governo do Cear\u00e1 entre Elmano de Freitas e Ciro Gomes"},"content":{"rendered":"\n<p class=\"wp-block-paragraph\">O cen\u00e1rio pol\u00edtico cearense subiu de tom na noite deste domingo, dia 9 de agosto, durante o primeiro debate entre os candidatos ao Governo do Estado promovido pela Band Cear\u00e1. O confronto direto colocou frente a frente o atual governador e candidato \u00e0 reelei\u00e7\u00e3o, Elmano de Freitas (PT), e o ex-governador Ciro Gomes (PSDB), evidenciando a forte polariza\u00e7\u00e3o e a troca de acusa\u00e7\u00f5es que devem ditar o ritmo da campanha eleitoral deste ano.<\/p>\n\n\n\n<p class=\"wp-block-paragraph\">O tema da seguran\u00e7a p\u00fablica foi o principal estopim para os embates mais acalorados da noite. Ciro Gomes adotou uma postura incisiva de ataque \u00e0 atual gest\u00e3o, classificando a situa\u00e7\u00e3o do estado como desastrosa e criticando os \u00edndices criminosos. A resposta de Elmano de Freitas, contudo, buscou desestabilizar o discurso do advers\u00e1rio ao resgatar o hist\u00f3rico do crime organizado no Cear\u00e1. O petista afirmou que as primeiras c\u00e9lulas da fac\u00e7\u00e3o criminosa Comando Vermelho come\u00e7aram a se articular no territ\u00f3rio cearense ainda na \u00e9poca em que Ciro Gomes exercia o cargo de governador do estado, sugerindo que o problema possui ra\u00edzes profundas associadas a gest\u00f5es passadas.<\/p>\n\n\n\n<p class=\"wp-block-paragraph\">Al\u00e9m dos confrontos sobre a viol\u00eancia urbana, a discuss\u00e3o sobre alian\u00e7as partid\u00e1rias e palanques pol\u00edticos tamb\u00e9m rendeu momentos de forte desgaste para a oposi\u00e7\u00e3o. Elmano de Freitas soube neutralizar as cr\u00edticas de Ciro relacionadas \u00e0 infraestrutura e investimentos estaduais ao associar diretamente o candidato do PSDB ao bolsonarismo local.<\/p>\n\n\n\n<p class=\"wp-block-paragraph\">Durante uma rodada de perguntas sobre obras paradas, o governador rebateu os questionamentos do tucano apontando os novos la\u00e7os pol\u00edticos da coliga\u00e7\u00e3o advers\u00e1ria com o PL, partido do ex-presidente Jair Bolsonaro. Elmano argumentou que as cobran\u00e7as deveriam ser direcionadas aos &#8220;novos amigos&#8221; de Ciro, lembrando que a gest\u00e3o federal anterior, sob o comando de Jair Bolsonaro (PL), reteve repasses e n\u00e3o destinou recursos habitacionais e de infraestrutura fundamentais para a popula\u00e7\u00e3o cearense.<\/p>\n\n\n\n<p class=\"wp-block-paragraph\">O encontro na Band Cear\u00e1 inaugurou oficialmente a temporada de debates na TV aberta e consolidou a estrat\u00e9gia das duas principais for\u00e7as pol\u00edticas: de um lado, Ciro Gomes tentando canalizar o sentimento de mudan\u00e7a com foco em cr\u00edticas administrativas, e de outro, Elmano de Freitas explorando as contradi\u00e7\u00f5es pol\u00edticas do oponente e defendendo a continuidade de seu projeto de governo.<\/p>\n\n\n\n<figure class=\"wp-block-image size-large\"><img loading=\"lazy\" decoding=\"async\" width=\"1024\" height=\"536\" src=\"https:\/\/blogdorogeriogomes.com.br\/noticias\/wp-content\/uploads\/2026\/08\/Seguranca-Publica-debate-Band-Ceara-1024x536.jpg\" alt=\"\" class=\"wp-image-41642\" srcset=\"https:\/\/blogdorogeriogomes.com.br\/noticias\/wp-content\/uploads\/2026\/08\/Seguranca-Publica-debate-Band-Ceara-1024x536.jpg 1024w, https:\/\/blogdorogeriogomes.com.br\/noticias\/wp-content\/uploads\/2026\/08\/Seguranca-Publica-debate-Band-Ceara-300x157.jpg 300w, https:\/\/blogdorogeriogomes.com.br\/noticias\/wp-content\/uploads\/2026\/08\/Seguranca-Publica-debate-Band-Ceara-768x402.jpg 768w, https:\/\/blogdorogeriogomes.com.br\/noticias\/wp-content\/uploads\/2026\/08\/Seguranca-Publica-debate-Band-Ceara-800x419.jpg 800w, https:\/\/blogdorogeriogomes.com.br\/noticias\/wp-content\/uploads\/2026\/08\/Seguranca-Publica-debate-Band-Ceara.jpg 1200w\" sizes=\"auto, (max-width: 1024px) 100vw, 1024px\" \/><\/figure>\n","protected":false},"excerpt":{"rendered":"<p>O cen\u00e1rio pol\u00edtico cearense subiu de tom na noite deste domingo, dia 9 de agosto, durante o primeiro debate entre os candidatos ao Governo do Estado promovido pela Band Cear\u00e1. O confronto direto colocou frente a frente o atual governador e candidato \u00e0 reelei\u00e7\u00e3o, Elmano de Freitas (PT), e o ex-governador Ciro Gomes (PSDB), evidenciando a forte polariza\u00e7\u00e3o e a troca de acusa\u00e7\u00f5es que devem ditar o ritmo da campanha eleitoral deste ano. O tema da seguran\u00e7a p\u00fablica foi&hellip;<\/p>\n","protected":false},"author":1,"featured_media":41642,"comment_status":"open","ping_status":"open","sticky":false,"template":"","format":"standard","meta":{"footnotes":""},"categories":[1],"tags":[],"class_list":["post-41641","post","type-post","status-publish","format-standard","has-post-thumbnail","hentry","category-noticias"],"_links":{"self":[{"href":"https:\/\/blogdorogeriogomes.com.br\/noticias\/wp-json\/wp\/v2\/posts\/41641","targetHints":{"allow":["GET"]}}],"collection":[{"href":"https:\/\/blogdorogeriogomes.com.br\/noticias\/wp-json\/wp\/v2\/posts"}],"about":[{"href":"https:\/\/blogdorogeriogomes.com.br\/noticias\/wp-json\/wp\/v2\/types\/post"}],"author":[{"embeddable":true,"href":"https:\/\/blogdorogeriogomes.com.br\/noticias\/wp-json\/wp\/v2\/users\/1"}],"replies":[{"embeddable":true,"href":"https:\/\/blogdorogeriogomes.com.br\/noticias\/wp-json\/wp\/v2\/comments?post=41641"}],"version-history":[{"count":1,"href":"https:\/\/blogdorogeriogomes.com.br\/noticias\/wp-json\/wp\/v2\/posts\/41641\/revisions"}],"predecessor-version":[{"id":41643,"href":"https:\/\/blogdorogeriogomes.com.br\/noticias\/wp-json\/wp\/v2\/posts\/41641\/revisions\/41643"}],"wp:featuredmedia":[{"embeddable":true,"href":"https:\/\/blogdorogeriogomes.com.br\/noticias\/wp-json\/wp\/v2\/media\/41642"}],"wp:attachment":[{"href":"https:\/\/blogdorogeriogomes.com.br\/noticias\/wp-json\/wp\/v2\/media?parent=41641"}],"wp:term":[{"taxonomy":"category","embeddable":true,"href":"https:\/\/blogdorogeriogomes.com.br\/noticias\/wp-json\/wp\/v2\/categories?post=41641"},{"taxonomy":"post_tag","embeddable":true,"href":"https:\/\/blogdorogeriogomes.com.br\/noticias\/wp-json\/wp\/v2\/tags?post=41641"}],"curies":[{"name":"wp","href":"https:\/\/api.w.org\/{rel}","templated":true}]}}