{"id":41648,"date":"2026-08-10T12:44:51","date_gmt":"2026-08-10T12:44:51","guid":{"rendered":"https:\/\/blogdorogeriogomes.com.br\/noticias\/?p=41648"},"modified":"2026-08-10T13:04:09","modified_gmt":"2026-08-10T13:04:09","slug":"congresso-nacional-atividades-nesta-segunda-feira-com-calendario-reduzido-devido-as-eleicoes","status":"publish","type":"post","link":"https:\/\/blogdorogeriogomes.com.br\/noticias\/2026\/08\/congresso-nacional-atividades-nesta-segunda-feira-com-calendario-reduzido-devido-as-eleicoes\/","title":{"rendered":"Congresso Nacional retoma atividades nesta segunda-feira com calend\u00e1rio reduzido devido \u00e0s elei\u00e7\u00f5es"},"content":{"rendered":"\n<p class=\"wp-block-paragraph\">O Congresso Nacional retoma os trabalhos legislativos nesta segunda-feira, dia 10 de agosto, ap\u00f3s um per\u00edodo de recesso ampliado. Embora a Constitui\u00e7\u00e3o determine o retorno para o dia 1\u00ba de agosto, a C\u00e2mara dos Deputados e o Senado Federal estenderam a folga por mais uma semana.<\/p>\n\n\n\n<p class=\"wp-block-paragraph\">Para compensar o per\u00edodo e liberar os parlamentares para as campanhas eleitorais em suas bases, os presidentes da C\u00e2mara, Hugo Motta (Republicanos-PB), e do Senado, Davi Alcolumbre (Uni\u00e3o-AP), adotaram um regime de &#8220;esfor\u00e7o concentrado&#8221;.<\/p>\n\n\n\n<p class=\"wp-block-paragraph\">Entre agosto e outubro, haver\u00e1 vota\u00e7\u00f5es presenciais em apenas duas semanas. A primeira ocorre agora e a segunda est\u00e1 marcada entre 31 de agosto e 3 de setembro. Os l\u00edderes partid\u00e1rios da C\u00e2mara se re\u00fanem nesta ter\u00e7a-feira, dia 11, para fechar a agenda de vota\u00e7\u00f5es.<\/p>\n\n\n\n<p class=\"wp-block-paragraph\">O projeto que permite usar receitas extras do petr\u00f3leo para reduzir impostos sobre combust\u00edveis, enviado pelo governo em abril, \u00e9 um dos principais temas cotados para ir a plen\u00e1rio.<\/p>\n\n\n\n<figure class=\"wp-block-image size-full\"><img loading=\"lazy\" decoding=\"async\" width=\"984\" height=\"656\" src=\"https:\/\/blogdorogeriogomes.com.br\/noticias\/wp-content\/uploads\/2026\/08\/55151361284-ed773cbdf3-k.jpg\" alt=\"\" class=\"wp-image-41649\" srcset=\"https:\/\/blogdorogeriogomes.com.br\/noticias\/wp-content\/uploads\/2026\/08\/55151361284-ed773cbdf3-k.jpg 984w, https:\/\/blogdorogeriogomes.com.br\/noticias\/wp-content\/uploads\/2026\/08\/55151361284-ed773cbdf3-k-300x200.jpg 300w, https:\/\/blogdorogeriogomes.com.br\/noticias\/wp-content\/uploads\/2026\/08\/55151361284-ed773cbdf3-k-768x512.jpg 768w, https:\/\/blogdorogeriogomes.com.br\/noticias\/wp-content\/uploads\/2026\/08\/55151361284-ed773cbdf3-k-800x533.jpg 800w\" sizes=\"auto, (max-width: 984px) 100vw, 984px\" \/><\/figure>\n","protected":false},"excerpt":{"rendered":"<p>O Congresso Nacional retoma os trabalhos legislativos nesta segunda-feira, dia 10 de agosto, ap\u00f3s um per\u00edodo de recesso ampliado. Embora a Constitui\u00e7\u00e3o determine o retorno para o dia 1\u00ba de agosto, a C\u00e2mara dos Deputados e o Senado Federal estenderam a folga por mais uma semana. Para compensar o per\u00edodo e liberar os parlamentares para as campanhas eleitorais em suas bases, os presidentes da C\u00e2mara, Hugo Motta (Republicanos-PB), e do Senado, Davi Alcolumbre (Uni\u00e3o-AP), adotaram um regime de &#8220;esfor\u00e7o&hellip;<\/p>\n","protected":false},"author":1,"featured_media":41649,"comment_status":"open","ping_status":"open","sticky":false,"template":"","format":"standard","meta":{"footnotes":""},"categories":[1],"tags":[],"class_list":["post-41648","post","type-post","status-publish","format-standard","has-post-thumbnail","hentry","category-noticias"],"_links":{"self":[{"href":"https:\/\/blogdorogeriogomes.com.br\/noticias\/wp-json\/wp\/v2\/posts\/41648","targetHints":{"allow":["GET"]}}],"collection":[{"href":"https:\/\/blogdorogeriogomes.com.br\/noticias\/wp-json\/wp\/v2\/posts"}],"about":[{"href":"https:\/\/blogdorogeriogomes.com.br\/noticias\/wp-json\/wp\/v2\/types\/post"}],"author":[{"embeddable":true,"href":"https:\/\/blogdorogeriogomes.com.br\/noticias\/wp-json\/wp\/v2\/users\/1"}],"replies":[{"embeddable":true,"href":"https:\/\/blogdorogeriogomes.com.br\/noticias\/wp-json\/wp\/v2\/comments?post=41648"}],"version-history":[{"count":2,"href":"https:\/\/blogdorogeriogomes.com.br\/noticias\/wp-json\/wp\/v2\/posts\/41648\/revisions"}],"predecessor-version":[{"id":41651,"href":"https:\/\/blogdorogeriogomes.com.br\/noticias\/wp-json\/wp\/v2\/posts\/41648\/revisions\/41651"}],"wp:featuredmedia":[{"embeddable":true,"href":"https:\/\/blogdorogeriogomes.com.br\/noticias\/wp-json\/wp\/v2\/media\/41649"}],"wp:attachment":[{"href":"https:\/\/blogdorogeriogomes.com.br\/noticias\/wp-json\/wp\/v2\/media?parent=41648"}],"wp:term":[{"taxonomy":"category","embeddable":true,"href":"https:\/\/blogdorogeriogomes.com.br\/noticias\/wp-json\/wp\/v2\/categories?post=41648"},{"taxonomy":"post_tag","embeddable":true,"href":"https:\/\/blogdorogeriogomes.com.br\/noticias\/wp-json\/wp\/v2\/tags?post=41648"}],"curies":[{"name":"wp","href":"https:\/\/api.w.org\/{rel}","templated":true}]}}