{"id":41652,"date":"2026-08-10T14:05:13","date_gmt":"2026-08-10T14:05:13","guid":{"rendered":"https:\/\/blogdorogeriogomes.com.br\/noticias\/?p=41652"},"modified":"2026-08-10T14:05:13","modified_gmt":"2026-08-10T14:05:13","slug":"coligacao-partidaria-de-lula-garante-maior-tempo-de-tv-no-horario-eleitoral-propaganda-comeca-dia-28-de-agosto","status":"publish","type":"post","link":"https:\/\/blogdorogeriogomes.com.br\/noticias\/2026\/08\/coligacao-partidaria-de-lula-garante-maior-tempo-de-tv-no-horario-eleitoral-propaganda-comeca-dia-28-de-agosto\/","title":{"rendered":"Coliga\u00e7\u00e3o partid\u00e1ria de Lula garante maior tempo de TV no hor\u00e1rio eleitoral. Propaganda come\u00e7a dia 28 de agosto"},"content":{"rendered":"\n<p class=\"wp-block-paragraph\">O presidente Luiz In\u00e1cio Lula da Silva ter\u00e1 o maior tempo de propaganda na televis\u00e3o entre os 13 candidatos \u00e0 Presid\u00eancia nas elei\u00e7\u00f5es de 2026, com cerca de 5 minutos e 30 segundos. A propaganda eleitoral gratuita no R\u00e1dio e TV come\u00e7a no pr\u00f3ximo dia 28 de agosto, a 35 dias do primeiro turno das Elei\u00e7\u00f5es 2026.<\/p>\n\n\n\n<p class=\"wp-block-paragraph\">A distribui\u00e7\u00e3o do tempo de TV ficou assim: <\/p>\n\n\n\n<p class=\"wp-block-paragraph\">Lula (PT): 5min30seg (Impulsionado por uma coliga\u00e7\u00e3o com PT, PCdoB, PV, PSB, PDT, PSOL e Rede).<\/p>\n\n\n\n<p class=\"wp-block-paragraph\">Fl\u00e1vio Bolsonaro (PL): 4min20seg (Segundo maior tempo).<\/p>\n\n\n\n<p class=\"wp-block-paragraph\">Ronaldo Caiado (Uni\u00e3o): 2min36seg.<\/p>\n\n\n\n<p class=\"wp-block-paragraph\">Augusto Cury (PRTB): 36seg<\/p>\n\n\n\n<p class=\"wp-block-paragraph\">Outros candidatos dividir\u00e3o fra\u00e7\u00f5es menores com base na representa\u00e7\u00e3o de seus partidos na C\u00e2mara.<\/p>\n\n\n\n<p class=\"wp-block-paragraph\">H\u00e1 um cen\u00e1rio in\u00e9dito de fragmenta\u00e7\u00e3o com chapas puras, com 12 das 13 candidaturas disputando o Pal\u00e1cio do Planalto sem formar coliga\u00e7\u00f5es formais, um fato in\u00e9dito desde a redemocratiza\u00e7\u00e3o. O pleito repete o recorde de 13 concorrentes de oito anos atr\u00e1s, mas com uma estrutura partid\u00e1ria muito mais isolada.<\/p>\n\n\n\n<p class=\"wp-block-paragraph\">A lista de candidatos \u00e0 Presid\u00eancia da Rep\u00fablica tem al\u00e9m de Lula, Fl\u00e1vio Bolsonaro, Ronaldo Caiado e Augusto Cury, participam Romeu Zema, Renan Santos, Leonardo Avalanche, Edmilson Dias, Hertz Dias, Samara Martins, Wilson Grassi, Rui Pimenta e Clariana Bar\u00e3o.<\/p>\n\n\n\n<figure class=\"wp-block-image size-full\"><img loading=\"lazy\" decoding=\"async\" width=\"800\" height=\"533\" src=\"https:\/\/blogdorogeriogomes.com.br\/noticias\/wp-content\/uploads\/2026\/08\/55445066744_6d5ca3b6ca_o.jpg\" alt=\"\" class=\"wp-image-41654\" srcset=\"https:\/\/blogdorogeriogomes.com.br\/noticias\/wp-content\/uploads\/2026\/08\/55445066744_6d5ca3b6ca_o.jpg 800w, https:\/\/blogdorogeriogomes.com.br\/noticias\/wp-content\/uploads\/2026\/08\/55445066744_6d5ca3b6ca_o-300x200.jpg 300w, https:\/\/blogdorogeriogomes.com.br\/noticias\/wp-content\/uploads\/2026\/08\/55445066744_6d5ca3b6ca_o-768x512.jpg 768w\" sizes=\"auto, (max-width: 800px) 100vw, 800px\" \/><\/figure>\n","protected":false},"excerpt":{"rendered":"<p>O presidente Luiz In\u00e1cio Lula da Silva ter\u00e1 o maior tempo de propaganda na televis\u00e3o entre os 13 candidatos \u00e0 Presid\u00eancia nas elei\u00e7\u00f5es de 2026, com cerca de 5 minutos e 30 segundos. A propaganda eleitoral gratuita no R\u00e1dio e TV come\u00e7a no pr\u00f3ximo dia 28 de agosto, a 35 dias do primeiro turno das Elei\u00e7\u00f5es 2026. A distribui\u00e7\u00e3o do tempo de TV ficou assim: Lula (PT): 5min30seg (Impulsionado por uma coliga\u00e7\u00e3o com PT, PCdoB, PV, PSB, PDT, PSOL&hellip;<\/p>\n","protected":false},"author":1,"featured_media":41654,"comment_status":"open","ping_status":"open","sticky":false,"template":"","format":"standard","meta":{"footnotes":""},"categories":[1],"tags":[],"class_list":["post-41652","post","type-post","status-publish","format-standard","has-post-thumbnail","hentry","category-noticias"],"_links":{"self":[{"href":"https:\/\/blogdorogeriogomes.com.br\/noticias\/wp-json\/wp\/v2\/posts\/41652","targetHints":{"allow":["GET"]}}],"collection":[{"href":"https:\/\/blogdorogeriogomes.com.br\/noticias\/wp-json\/wp\/v2\/posts"}],"about":[{"href":"https:\/\/blogdorogeriogomes.com.br\/noticias\/wp-json\/wp\/v2\/types\/post"}],"author":[{"embeddable":true,"href":"https:\/\/blogdorogeriogomes.com.br\/noticias\/wp-json\/wp\/v2\/users\/1"}],"replies":[{"embeddable":true,"href":"https:\/\/blogdorogeriogomes.com.br\/noticias\/wp-json\/wp\/v2\/comments?post=41652"}],"version-history":[{"count":2,"href":"https:\/\/blogdorogeriogomes.com.br\/noticias\/wp-json\/wp\/v2\/posts\/41652\/revisions"}],"predecessor-version":[{"id":41655,"href":"https:\/\/blogdorogeriogomes.com.br\/noticias\/wp-json\/wp\/v2\/posts\/41652\/revisions\/41655"}],"wp:featuredmedia":[{"embeddable":true,"href":"https:\/\/blogdorogeriogomes.com.br\/noticias\/wp-json\/wp\/v2\/media\/41654"}],"wp:attachment":[{"href":"https:\/\/blogdorogeriogomes.com.br\/noticias\/wp-json\/wp\/v2\/media?parent=41652"}],"wp:term":[{"taxonomy":"category","embeddable":true,"href":"https:\/\/blogdorogeriogomes.com.br\/noticias\/wp-json\/wp\/v2\/categories?post=41652"},{"taxonomy":"post_tag","embeddable":true,"href":"https:\/\/blogdorogeriogomes.com.br\/noticias\/wp-json\/wp\/v2\/tags?post=41652"}],"curies":[{"name":"wp","href":"https:\/\/api.w.org\/{rel}","templated":true}]}}