{"id":41656,"date":"2026-08-11T05:52:13","date_gmt":"2026-08-11T05:52:13","guid":{"rendered":"https:\/\/blogdorogeriogomes.com.br\/noticias\/?p=41656"},"modified":"2026-08-11T05:52:14","modified_gmt":"2026-08-11T05:52:14","slug":"prefeitura-de-fortaleza-anuncia-novo-concurso-para-a-guarda-municipal-e-entrega-723-coletes-balisticos","status":"publish","type":"post","link":"https:\/\/blogdorogeriogomes.com.br\/noticias\/2026\/08\/prefeitura-de-fortaleza-anuncia-novo-concurso-para-a-guarda-municipal-e-entrega-723-coletes-balisticos\/","title":{"rendered":"Prefeitura de Fortaleza anuncia novo concurso para a Guarda Municipal e entrega 723 coletes bal\u00edsticos"},"content":{"rendered":"\n<p class=\"wp-block-paragraph\">A Prefeitura de Fortaleza oficializou a inten\u00e7\u00e3o de realizar um novo concurso p\u00fablico para a Guarda Municipal de Fortaleza (GMF) at\u00e9 o fim da atual gest\u00e3o, com planejamento voltado para 2027. O an\u00fancio foi realizado pelo prefeito Evandro Leit\u00e3o nesta segunda-feira, dia 10 de agosto,  durante a solenidade de entrega de novos Equipamentos de Prote\u00e7\u00e3o Individual (EPIs) e insumos para modernizar a corpora\u00e7\u00e3o.<\/p>\n\n\n\n<p class=\"wp-block-paragraph\">O evento ocorreu no Centro Integrado de Seguran\u00e7a de Fortaleza (Cisfor), no bairro Parquel\u00e2ndia. Al\u00e9m do certame, o chefe do Executivo confirmou o envio do novo Plano de Cargos, Carreiras e Sal\u00e1rios (PCCS) da categoria para vota\u00e7\u00e3o na C\u00e2mara Municipal nos pr\u00f3ximos dias.<\/p>\n\n\n\n<p class=\"wp-block-paragraph\">A iniciativa faz parte de um pacote de investimentos de R$ 925 mil direcionados \u00e0 seguran\u00e7a p\u00fablica da capital cearense. Entre as melhorias distribu\u00eddas para os agentes que atuam nas ruas, viaturas e bases m\u00f3veis, destacam-se 723 novos coletes bal\u00edsticos. Os novos coletes contam com designs espec\u00edficos para os g\u00eaneros masculino e feminino, substituindo os antigos modelos unissex e garantindo maior conforto f\u00edsico aos profissionais. <\/p>\n\n\n\n<p class=\"wp-block-paragraph\">O an\u00fancio de um novo processo seletivo ocorre ap\u00f3s a prefeitura concluir a convoca\u00e7\u00e3o de todos os aprovados no certame anterior, totalizando cerca de 520 novos agentes integrados de forma definitiva \u00e0 GMF. O planejamento administrativo trabalha com a meta de publicar o edital e aplicar as provas no ano de 2027. O cargo exige forma\u00e7\u00e3o de n\u00edvel m\u00e9dio completo e Carteira Nacional de Habilita\u00e7\u00e3o (CNH) na categoria B ou superior.<\/p>\n\n\n\n<figure class=\"wp-block-image size-large\"><img loading=\"lazy\" decoding=\"async\" width=\"1024\" height=\"576\" src=\"https:\/\/blogdorogeriogomes.com.br\/noticias\/wp-content\/uploads\/2026\/08\/IMG-20260811-WA0001-1024x576.jpg\" alt=\"\" class=\"wp-image-41658\" srcset=\"https:\/\/blogdorogeriogomes.com.br\/noticias\/wp-content\/uploads\/2026\/08\/IMG-20260811-WA0001-1024x576.jpg 1024w, https:\/\/blogdorogeriogomes.com.br\/noticias\/wp-content\/uploads\/2026\/08\/IMG-20260811-WA0001-300x169.jpg 300w, https:\/\/blogdorogeriogomes.com.br\/noticias\/wp-content\/uploads\/2026\/08\/IMG-20260811-WA0001-768x432.jpg 768w, https:\/\/blogdorogeriogomes.com.br\/noticias\/wp-content\/uploads\/2026\/08\/IMG-20260811-WA0001-800x450.jpg 800w, https:\/\/blogdorogeriogomes.com.br\/noticias\/wp-content\/uploads\/2026\/08\/IMG-20260811-WA0001.jpg 1280w\" sizes=\"auto, (max-width: 1024px) 100vw, 1024px\" \/><\/figure>\n","protected":false},"excerpt":{"rendered":"<p>A Prefeitura de Fortaleza oficializou a inten\u00e7\u00e3o de realizar um novo concurso p\u00fablico para a Guarda Municipal de Fortaleza (GMF) at\u00e9 o fim da atual gest\u00e3o, com planejamento voltado para 2027. O an\u00fancio foi realizado pelo prefeito Evandro Leit\u00e3o nesta segunda-feira, dia 10 de agosto, durante a solenidade de entrega de novos Equipamentos de Prote\u00e7\u00e3o Individual (EPIs) e insumos para modernizar a corpora\u00e7\u00e3o. O evento ocorreu no Centro Integrado de Seguran\u00e7a de Fortaleza (Cisfor), no bairro Parquel\u00e2ndia. Al\u00e9m do&hellip;<\/p>\n","protected":false},"author":1,"featured_media":41658,"comment_status":"open","ping_status":"open","sticky":false,"template":"","format":"standard","meta":{"footnotes":""},"categories":[1],"tags":[],"class_list":["post-41656","post","type-post","status-publish","format-standard","has-post-thumbnail","hentry","category-noticias"],"_links":{"self":[{"href":"https:\/\/blogdorogeriogomes.com.br\/noticias\/wp-json\/wp\/v2\/posts\/41656","targetHints":{"allow":["GET"]}}],"collection":[{"href":"https:\/\/blogdorogeriogomes.com.br\/noticias\/wp-json\/wp\/v2\/posts"}],"about":[{"href":"https:\/\/blogdorogeriogomes.com.br\/noticias\/wp-json\/wp\/v2\/types\/post"}],"author":[{"embeddable":true,"href":"https:\/\/blogdorogeriogomes.com.br\/noticias\/wp-json\/wp\/v2\/users\/1"}],"replies":[{"embeddable":true,"href":"https:\/\/blogdorogeriogomes.com.br\/noticias\/wp-json\/wp\/v2\/comments?post=41656"}],"version-history":[{"count":1,"href":"https:\/\/blogdorogeriogomes.com.br\/noticias\/wp-json\/wp\/v2\/posts\/41656\/revisions"}],"predecessor-version":[{"id":41659,"href":"https:\/\/blogdorogeriogomes.com.br\/noticias\/wp-json\/wp\/v2\/posts\/41656\/revisions\/41659"}],"wp:featuredmedia":[{"embeddable":true,"href":"https:\/\/blogdorogeriogomes.com.br\/noticias\/wp-json\/wp\/v2\/media\/41658"}],"wp:attachment":[{"href":"https:\/\/blogdorogeriogomes.com.br\/noticias\/wp-json\/wp\/v2\/media?parent=41656"}],"wp:term":[{"taxonomy":"category","embeddable":true,"href":"https:\/\/blogdorogeriogomes.com.br\/noticias\/wp-json\/wp\/v2\/categories?post=41656"},{"taxonomy":"post_tag","embeddable":true,"href":"https:\/\/blogdorogeriogomes.com.br\/noticias\/wp-json\/wp\/v2\/tags?post=41656"}],"curies":[{"name":"wp","href":"https:\/\/api.w.org\/{rel}","templated":true}]}}