{"id":41661,"date":"2026-08-11T06:05:11","date_gmt":"2026-08-11T06:05:11","guid":{"rendered":"https:\/\/blogdorogeriogomes.com.br\/noticias\/?p=41661"},"modified":"2026-08-11T06:05:11","modified_gmt":"2026-08-11T06:05:11","slug":"governo-federal-lanca-desenrola-adimplentes-nesta-terca-feira-com-juros-reduzidos-para-trabalhadores-informais","status":"publish","type":"post","link":"https:\/\/blogdorogeriogomes.com.br\/noticias\/2026\/08\/governo-federal-lanca-desenrola-adimplentes-nesta-terca-feira-com-juros-reduzidos-para-trabalhadores-informais\/","title":{"rendered":"Governo Federal lan\u00e7a Desenrola Adimplentes nesta ter\u00e7a-feira com juros reduzidos para trabalhadores informais"},"content":{"rendered":"\n<p class=\"wp-block-paragraph\">Come\u00e7a a operar nesta ter\u00e7a-feira, dia 11 de agosto, o Desenrola Adimplentes, nova vertente do programa federal voltada a consumidores que n\u00e3o est\u00e3o com o nome negativado, mas enfrentam dificuldades para arcar com as altas taxas do cr\u00e9dito pessoal. O programa atende a uma demanda hist\u00f3rica de al\u00edvio financeiro para quem mant\u00e9m os pagamentos regulares, mas precisa reorganizar o or\u00e7amento antes de cair na inadimpl\u00eancia.<\/p>\n\n\n\n<p class=\"wp-block-paragraph\">O programa conta com um aporte de R$ 3 bilh\u00f5es do Fundo de Garantia de Opera\u00e7\u00f5es (FGO) da Uni\u00e3o. A libera\u00e7\u00e3o das linhas ocorre ap\u00f3s o governo editar uma Medida Provis\u00f3ria que alterou as regras para permitir que os bancos combinem capital pr\u00f3prio com os recursos federais, aumentando a atratividade e estimulando a ades\u00e3o de grandes institui\u00e7\u00f5es financeiras.<\/p>\n\n\n\n<p class=\"wp-block-paragraph\">Podem participar do programa trabalhadores informais e aut\u00f4nomos sem v\u00ednculo empregat\u00edcio via CLT, pessoas com empr\u00e9stimos pessoais sem garantia ativos, consumidores que j\u00e1 quitaram ao menos quatro parcelas do contrato original e clientes com contas rigorosamente em dia ou com atraso m\u00e1ximo de 90 dias.<\/p>\n\n\n\n<p class=\"wp-block-paragraph\">O teto de juros \u00e9 de no m\u00e1ximo 1,99% ao m\u00eas, contra taxas de mercado que superam 7% ao m\u00eas no cr\u00e9dito pessoal tradicional. O limite do saldo devedor \u00e9  de at\u00e9 R$ 15 mil por institui\u00e7\u00e3o financeira. A parcela renegociada n\u00e3o pode ultrapassar 90% do valor da parcela anterior. H\u00e1 a possibilidade de liberar at\u00e9 50% do saldo devedor original como dinheiro extra, desde que mantida a margem de seguran\u00e7a da parcela.<\/p>\n\n\n\n<p class=\"wp-block-paragraph\">Al\u00e9m do foco nos trabalhadores informais, o pacote do Minist\u00e9rio da Fazenda engloba uma linha espec\u00edfica voltada ao financiamento e est\u00edmulo de atividades empreendedoras para estudantes e ex-estudantes do Fundo de Financiamento Estudantil (Fies) que estejam adimplentes h\u00e1 pelo menos 36 meses. Como contrapartida social e financeira, o benefici\u00e1rio que aderir ao Desenrola Adimplentes ter\u00e1 o seu CPF temporariamente bloqueado em plataformas de apostas online (bets) pelo per\u00edodo de seis meses. O objetivo da trava regulat\u00f3ria \u00e9 impedir que o cr\u00e9dito subsidiado e mais barato seja desviado para o mercado de jogos de azar.<\/p>\n\n\n\n<p class=\"wp-block-paragraph\">Nesta fase inicial de lan\u00e7amento, as opera\u00e7\u00f5es de cr\u00e9dito devem ser solicitadas diretamente nos canais digitais ou ag\u00eancias f\u00edsicas da Caixa Econ\u00f4mica Federal e do Banco do Brasil. O governo destaca que a ades\u00e3o de bancos privados \u00e9 facultativa, mas esperada ap\u00f3s a flexibiliza\u00e7\u00e3o do uso do fundo garantidor.<\/p>\n\n\n\n<figure class=\"wp-block-image size-full\"><img loading=\"lazy\" decoding=\"async\" width=\"1024\" height=\"576\" src=\"https:\/\/blogdorogeriogomes.com.br\/noticias\/wp-content\/uploads\/2026\/08\/IMG_1348-1024x576-1.webp\" alt=\"\" class=\"wp-image-41662\" srcset=\"https:\/\/blogdorogeriogomes.com.br\/noticias\/wp-content\/uploads\/2026\/08\/IMG_1348-1024x576-1.webp 1024w, https:\/\/blogdorogeriogomes.com.br\/noticias\/wp-content\/uploads\/2026\/08\/IMG_1348-1024x576-1-300x169.webp 300w, https:\/\/blogdorogeriogomes.com.br\/noticias\/wp-content\/uploads\/2026\/08\/IMG_1348-1024x576-1-768x432.webp 768w, https:\/\/blogdorogeriogomes.com.br\/noticias\/wp-content\/uploads\/2026\/08\/IMG_1348-1024x576-1-800x450.webp 800w\" sizes=\"auto, (max-width: 1024px) 100vw, 1024px\" \/><\/figure>\n\n\n\n<ol class=\"wp-block-list\"><\/ol>\n\n\n\n<p class=\"wp-block-paragraph\"><\/p>\n","protected":false},"excerpt":{"rendered":"<p>Come\u00e7a a operar nesta ter\u00e7a-feira, dia 11 de agosto, o Desenrola Adimplentes, nova vertente do programa federal voltada a consumidores que n\u00e3o est\u00e3o com o nome negativado, mas enfrentam dificuldades para arcar com as altas taxas do cr\u00e9dito pessoal. O programa atende a uma demanda hist\u00f3rica de al\u00edvio financeiro para quem mant\u00e9m os pagamentos regulares, mas precisa reorganizar o or\u00e7amento antes de cair na inadimpl\u00eancia. O programa conta com um aporte de R$ 3 bilh\u00f5es do Fundo de Garantia&hellip;<\/p>\n","protected":false},"author":1,"featured_media":41662,"comment_status":"open","ping_status":"open","sticky":false,"template":"","format":"standard","meta":{"footnotes":""},"categories":[1],"tags":[],"class_list":["post-41661","post","type-post","status-publish","format-standard","has-post-thumbnail","hentry","category-noticias"],"_links":{"self":[{"href":"https:\/\/blogdorogeriogomes.com.br\/noticias\/wp-json\/wp\/v2\/posts\/41661","targetHints":{"allow":["GET"]}}],"collection":[{"href":"https:\/\/blogdorogeriogomes.com.br\/noticias\/wp-json\/wp\/v2\/posts"}],"about":[{"href":"https:\/\/blogdorogeriogomes.com.br\/noticias\/wp-json\/wp\/v2\/types\/post"}],"author":[{"embeddable":true,"href":"https:\/\/blogdorogeriogomes.com.br\/noticias\/wp-json\/wp\/v2\/users\/1"}],"replies":[{"embeddable":true,"href":"https:\/\/blogdorogeriogomes.com.br\/noticias\/wp-json\/wp\/v2\/comments?post=41661"}],"version-history":[{"count":1,"href":"https:\/\/blogdorogeriogomes.com.br\/noticias\/wp-json\/wp\/v2\/posts\/41661\/revisions"}],"predecessor-version":[{"id":41663,"href":"https:\/\/blogdorogeriogomes.com.br\/noticias\/wp-json\/wp\/v2\/posts\/41661\/revisions\/41663"}],"wp:featuredmedia":[{"embeddable":true,"href":"https:\/\/blogdorogeriogomes.com.br\/noticias\/wp-json\/wp\/v2\/media\/41662"}],"wp:attachment":[{"href":"https:\/\/blogdorogeriogomes.com.br\/noticias\/wp-json\/wp\/v2\/media?parent=41661"}],"wp:term":[{"taxonomy":"category","embeddable":true,"href":"https:\/\/blogdorogeriogomes.com.br\/noticias\/wp-json\/wp\/v2\/categories?post=41661"},{"taxonomy":"post_tag","embeddable":true,"href":"https:\/\/blogdorogeriogomes.com.br\/noticias\/wp-json\/wp\/v2\/tags?post=41661"}],"curies":[{"name":"wp","href":"https:\/\/api.w.org\/{rel}","templated":true}]}}