{"id":41664,"date":"2026-08-11T06:18:50","date_gmt":"2026-08-11T06:18:50","guid":{"rendered":"https:\/\/blogdorogeriogomes.com.br\/noticias\/?p=41664"},"modified":"2026-08-11T06:18:50","modified_gmt":"2026-08-11T06:18:50","slug":"articulacao-politica-do-governo-federal-busca-votar-fim-da-escala-6x1-seguranca-e-terras-raras-nesta-semana","status":"publish","type":"post","link":"https:\/\/blogdorogeriogomes.com.br\/noticias\/2026\/08\/articulacao-politica-do-governo-federal-busca-votar-fim-da-escala-6x1-seguranca-e-terras-raras-nesta-semana\/","title":{"rendered":"Articula\u00e7\u00e3o pol\u00edtica do Governo Federal busca votar fim da escala 6&#215;1, seguran\u00e7a e terras raras nesta semana"},"content":{"rendered":"\n<p class=\"wp-block-paragraph\">O ministro-chefe da Secretaria de Rela\u00e7\u00f5es Institucionais (SRI), Jos\u00e9 Guimar\u00e3es, afirmou que o governo de Luiz In\u00e1cio Lula da Silva prioriza a vota\u00e7\u00e3o do fim da escala de trabalho 6&#215;1 no Senado. O ministro destacou que a pauta integra o esfor\u00e7o concentrado do Congresso Nacional nesta semana. Al\u00e9m dela, o Executivo busca aprovar a PEC da Seguran\u00e7a P\u00fablica e o PL das Terras Raras no Senado, al\u00e9m do PL da Misoginia na C\u00e2mara dos Deputados.<\/p>\n\n\n\n<p class=\"wp-block-paragraph\">A articula\u00e7\u00e3o pol\u00edtica prev\u00ea reuni\u00f5es estrat\u00e9gicas para definir o cronograma de vota\u00e7\u00f5es, que deve seguir at\u00e9 quinta-feira, dia 13 de agosto. Na C\u00e2mara dos Deputados, o cen\u00e1rio \u00e9 considerado est\u00e1vel. Guimar\u00e3es dialoga com o presidente da Casa, Hugo Motta, para pautar o PL da Misoginia, j\u00e1 aprovado pelos senadores, e descarta pend\u00eancias graves.<\/p>\n\n\n\n<p class=\"wp-block-paragraph\">No Senado, o foco total est\u00e1 no fim da escala 6&#215;1, classificado pelo ministro como a &#8220;prioridade das prioridades&#8221;. Segundo ele, a proposta possui amplo consenso e forte apelo popular. O governo tamb\u00e9m tenta avan\u00e7ar com a PEC da Seguran\u00e7a para fortalecer o debate eleitoral, visando a cria\u00e7\u00e3o do Minist\u00e9rio da Seguran\u00e7a P\u00fablica.<\/p>\n\n\n\n<p class=\"wp-block-paragraph\">Apesar do otimismo, o formato remoto das sess\u00f5es desta semana traz desafios de qu\u00f3rum. Caso a proposta do fim da escala 6&#215;1 n\u00e3o seja votada neste esfor\u00e7o concentrado, o tema ser\u00e1 adiado para o fim de setembro e integrar\u00e1 oficialmente o plano de governo para a campanha de reelei\u00e7\u00e3o do presidente Lula.<\/p>\n\n\n\n<figure class=\"wp-block-image size-full\"><img loading=\"lazy\" decoding=\"async\" width=\"640\" height=\"426\" src=\"https:\/\/blogdorogeriogomes.com.br\/noticias\/wp-content\/uploads\/2026\/08\/d11bbf60-5884-11f1-8b8c-6d33e1d5abb6.jpg.webp\" alt=\"\" class=\"wp-image-41665\" srcset=\"https:\/\/blogdorogeriogomes.com.br\/noticias\/wp-content\/uploads\/2026\/08\/d11bbf60-5884-11f1-8b8c-6d33e1d5abb6.jpg.webp 640w, https:\/\/blogdorogeriogomes.com.br\/noticias\/wp-content\/uploads\/2026\/08\/d11bbf60-5884-11f1-8b8c-6d33e1d5abb6.jpg-300x200.webp 300w\" sizes=\"auto, (max-width: 640px) 100vw, 640px\" \/><\/figure>\n","protected":false},"excerpt":{"rendered":"<p>O ministro-chefe da Secretaria de Rela\u00e7\u00f5es Institucionais (SRI), Jos\u00e9 Guimar\u00e3es, afirmou que o governo de Luiz In\u00e1cio Lula da Silva prioriza a vota\u00e7\u00e3o do fim da escala de trabalho 6&#215;1 no Senado. O ministro destacou que a pauta integra o esfor\u00e7o concentrado do Congresso Nacional nesta semana. Al\u00e9m dela, o Executivo busca aprovar a PEC da Seguran\u00e7a P\u00fablica e o PL das Terras Raras no Senado, al\u00e9m do PL da Misoginia na C\u00e2mara dos Deputados. A articula\u00e7\u00e3o pol\u00edtica prev\u00ea&hellip;<\/p>\n","protected":false},"author":1,"featured_media":41665,"comment_status":"open","ping_status":"open","sticky":false,"template":"","format":"standard","meta":{"footnotes":""},"categories":[1],"tags":[],"class_list":["post-41664","post","type-post","status-publish","format-standard","has-post-thumbnail","hentry","category-noticias"],"_links":{"self":[{"href":"https:\/\/blogdorogeriogomes.com.br\/noticias\/wp-json\/wp\/v2\/posts\/41664","targetHints":{"allow":["GET"]}}],"collection":[{"href":"https:\/\/blogdorogeriogomes.com.br\/noticias\/wp-json\/wp\/v2\/posts"}],"about":[{"href":"https:\/\/blogdorogeriogomes.com.br\/noticias\/wp-json\/wp\/v2\/types\/post"}],"author":[{"embeddable":true,"href":"https:\/\/blogdorogeriogomes.com.br\/noticias\/wp-json\/wp\/v2\/users\/1"}],"replies":[{"embeddable":true,"href":"https:\/\/blogdorogeriogomes.com.br\/noticias\/wp-json\/wp\/v2\/comments?post=41664"}],"version-history":[{"count":1,"href":"https:\/\/blogdorogeriogomes.com.br\/noticias\/wp-json\/wp\/v2\/posts\/41664\/revisions"}],"predecessor-version":[{"id":41666,"href":"https:\/\/blogdorogeriogomes.com.br\/noticias\/wp-json\/wp\/v2\/posts\/41664\/revisions\/41666"}],"wp:featuredmedia":[{"embeddable":true,"href":"https:\/\/blogdorogeriogomes.com.br\/noticias\/wp-json\/wp\/v2\/media\/41665"}],"wp:attachment":[{"href":"https:\/\/blogdorogeriogomes.com.br\/noticias\/wp-json\/wp\/v2\/media?parent=41664"}],"wp:term":[{"taxonomy":"category","embeddable":true,"href":"https:\/\/blogdorogeriogomes.com.br\/noticias\/wp-json\/wp\/v2\/categories?post=41664"},{"taxonomy":"post_tag","embeddable":true,"href":"https:\/\/blogdorogeriogomes.com.br\/noticias\/wp-json\/wp\/v2\/tags?post=41664"}],"curies":[{"name":"wp","href":"https:\/\/api.w.org\/{rel}","templated":true}]}}