{"id":41667,"date":"2026-08-11T06:31:06","date_gmt":"2026-08-11T06:31:06","guid":{"rendered":"https:\/\/blogdorogeriogomes.com.br\/noticias\/?p=41667"},"modified":"2026-08-11T06:31:07","modified_gmt":"2026-08-11T06:31:07","slug":"presidente-da-camara-hugo-motta-declara-apoio-a-reeleicao-de-lula-apos-partido-decretar-neutralidade-nacional","status":"publish","type":"post","link":"https:\/\/blogdorogeriogomes.com.br\/noticias\/2026\/08\/presidente-da-camara-hugo-motta-declara-apoio-a-reeleicao-de-lula-apos-partido-decretar-neutralidade-nacional\/","title":{"rendered":"Presidente da C\u00e2mara, Hugo Motta, declara apoio \u00e0 reelei\u00e7\u00e3o de Lula ap\u00f3s partido decretar neutralidade nacional"},"content":{"rendered":"\n<p class=\"wp-block-paragraph\">O presidente da C\u00e2mara dos Deputados, Hugo Motta (Republicanos-PB), anunciou oficialmente seu apoio \u00e0 campanha de reelei\u00e7\u00e3o do presidente Luiz In\u00e1cio Lula da Silva. A declara\u00e7\u00e3o p\u00fablica ocorreu na Para\u00edba, reduto eleitoral do parlamentar, durante a posse de uma nova desembargadora no Tribunal Regional Eleitoral (TRE-PB).<\/p>\n\n\n\n<p class=\"wp-block-paragraph\">A decis\u00e3o do chefe da C\u00e2mara foi viabilizada ap\u00f3s a dire\u00e7\u00e3o nacional do Republicanos oficializar uma postura de neutralidade na corrida presidencial de 2026. Com essa medida, os diret\u00f3rios estaduais e seus membros receberam aval para fechar alian\u00e7as regionais de forma independente. Hugo Motta atuou como um dos principais fiadores dessa neutralidade partid\u00e1ria, o que acabou por afastar coliga\u00e7\u00f5es nacionais da legenda com a oposi\u00e7\u00e3o.<\/p>\n\n\n\n<p class=\"wp-block-paragraph\">Em seu discurso, o deputado afirmou que estava aguardando o posicionamento formal de sua sigla para revelar que caminharia ao lado do petista, justificando que a atual gest\u00e3o federal converge com o que ele considera o melhor para o futuro do pa\u00eds. A decis\u00e3o de Hugo Motta tamb\u00e9m atende a interesses locais, uma vez que o presidente da C\u00e2mara Federal articula para lan\u00e7ar seu pai, o ex-prefeito Nabor Wanderley, a uma vaga no Senado Federal pela Para\u00edba.<\/p>\n\n\n\n<p class=\"wp-block-paragraph\">A consolida\u00e7\u00e3o desse palanque paraibano injeta for\u00e7a pol\u00edtica na pr\u00e9-campanha do Pal\u00e1cio do Planalto, consolidando a postura de di\u00e1logo que o presidente da C\u00e2mara adotou com o Executivo ao longo de sua gest\u00e3o no legislativo. O apoio de Motta a Lula reposiciona pe\u00e7as estrat\u00e9gicas do Centr\u00e3o no tabuleiro sucess\u00f3rio e redefine a din\u00e2mica de for\u00e7as no Congresso Nacional rumo ao pleito de outubro.<\/p>\n\n\n\n<figure class=\"wp-block-image size-large\"><img loading=\"lazy\" decoding=\"async\" width=\"1024\" height=\"799\" src=\"https:\/\/blogdorogeriogomes.com.br\/noticias\/wp-content\/uploads\/2026\/08\/G3LMES2NHVEK5KYBM5RNUA6DEU-1024x799.jpg\" alt=\"\" class=\"wp-image-41668\" srcset=\"https:\/\/blogdorogeriogomes.com.br\/noticias\/wp-content\/uploads\/2026\/08\/G3LMES2NHVEK5KYBM5RNUA6DEU-1024x799.jpg 1024w, https:\/\/blogdorogeriogomes.com.br\/noticias\/wp-content\/uploads\/2026\/08\/G3LMES2NHVEK5KYBM5RNUA6DEU-300x234.jpg 300w, https:\/\/blogdorogeriogomes.com.br\/noticias\/wp-content\/uploads\/2026\/08\/G3LMES2NHVEK5KYBM5RNUA6DEU-768x599.jpg 768w, https:\/\/blogdorogeriogomes.com.br\/noticias\/wp-content\/uploads\/2026\/08\/G3LMES2NHVEK5KYBM5RNUA6DEU-800x624.jpg 800w, https:\/\/blogdorogeriogomes.com.br\/noticias\/wp-content\/uploads\/2026\/08\/G3LMES2NHVEK5KYBM5RNUA6DEU.jpg 1200w\" sizes=\"auto, (max-width: 1024px) 100vw, 1024px\" \/><\/figure>\n","protected":false},"excerpt":{"rendered":"<p>O presidente da C\u00e2mara dos Deputados, Hugo Motta (Republicanos-PB), anunciou oficialmente seu apoio \u00e0 campanha de reelei\u00e7\u00e3o do presidente Luiz In\u00e1cio Lula da Silva. A declara\u00e7\u00e3o p\u00fablica ocorreu na Para\u00edba, reduto eleitoral do parlamentar, durante a posse de uma nova desembargadora no Tribunal Regional Eleitoral (TRE-PB). A decis\u00e3o do chefe da C\u00e2mara foi viabilizada ap\u00f3s a dire\u00e7\u00e3o nacional do Republicanos oficializar uma postura de neutralidade na corrida presidencial de 2026. Com essa medida, os diret\u00f3rios estaduais e seus membros&hellip;<\/p>\n","protected":false},"author":1,"featured_media":41668,"comment_status":"open","ping_status":"open","sticky":false,"template":"","format":"standard","meta":{"footnotes":""},"categories":[1],"tags":[],"class_list":["post-41667","post","type-post","status-publish","format-standard","has-post-thumbnail","hentry","category-noticias"],"_links":{"self":[{"href":"https:\/\/blogdorogeriogomes.com.br\/noticias\/wp-json\/wp\/v2\/posts\/41667","targetHints":{"allow":["GET"]}}],"collection":[{"href":"https:\/\/blogdorogeriogomes.com.br\/noticias\/wp-json\/wp\/v2\/posts"}],"about":[{"href":"https:\/\/blogdorogeriogomes.com.br\/noticias\/wp-json\/wp\/v2\/types\/post"}],"author":[{"embeddable":true,"href":"https:\/\/blogdorogeriogomes.com.br\/noticias\/wp-json\/wp\/v2\/users\/1"}],"replies":[{"embeddable":true,"href":"https:\/\/blogdorogeriogomes.com.br\/noticias\/wp-json\/wp\/v2\/comments?post=41667"}],"version-history":[{"count":1,"href":"https:\/\/blogdorogeriogomes.com.br\/noticias\/wp-json\/wp\/v2\/posts\/41667\/revisions"}],"predecessor-version":[{"id":41669,"href":"https:\/\/blogdorogeriogomes.com.br\/noticias\/wp-json\/wp\/v2\/posts\/41667\/revisions\/41669"}],"wp:featuredmedia":[{"embeddable":true,"href":"https:\/\/blogdorogeriogomes.com.br\/noticias\/wp-json\/wp\/v2\/media\/41668"}],"wp:attachment":[{"href":"https:\/\/blogdorogeriogomes.com.br\/noticias\/wp-json\/wp\/v2\/media?parent=41667"}],"wp:term":[{"taxonomy":"category","embeddable":true,"href":"https:\/\/blogdorogeriogomes.com.br\/noticias\/wp-json\/wp\/v2\/categories?post=41667"},{"taxonomy":"post_tag","embeddable":true,"href":"https:\/\/blogdorogeriogomes.com.br\/noticias\/wp-json\/wp\/v2\/tags?post=41667"}],"curies":[{"name":"wp","href":"https:\/\/api.w.org\/{rel}","templated":true}]}}