{"id":41670,"date":"2026-08-11T10:59:46","date_gmt":"2026-08-11T10:59:46","guid":{"rendered":"https:\/\/blogdorogeriogomes.com.br\/noticias\/?p=41670"},"modified":"2026-08-11T10:59:46","modified_gmt":"2026-08-11T10:59:46","slug":"governo-federal-abre-licitacao-de-r-160-milhoes-para-construcao-da-ultima-fase-do-ita-no-ceara","status":"publish","type":"post","link":"https:\/\/blogdorogeriogomes.com.br\/noticias\/2026\/08\/governo-federal-abre-licitacao-de-r-160-milhoes-para-construcao-da-ultima-fase-do-ita-no-ceara\/","title":{"rendered":"Governo Federal abre licita\u00e7\u00e3o de R$ 160 milh\u00f5es para constru\u00e7\u00e3o da \u00faltima fase do ITA no Cear\u00e1"},"content":{"rendered":"\n<p class=\"wp-block-paragraph\">O Governo Federal deu mais um passo decisivo para a consolida\u00e7\u00e3o do primeiro campus do Instituto Tecnol\u00f3gico de Aeron\u00e1utica (ITA) no Nordeste. Foi anunciada a abertura da licita\u00e7\u00e3o para a terceira e \u00faltima fase das obras da institui\u00e7\u00e3o, que ser\u00e1 instalada na Base A\u00e9rea de Fortaleza. De acordo com o Fundo Nacional de Desenvolvimento da Educa\u00e7\u00e3o (FNDE), o certame ocorrer\u00e1 por meio de concorr\u00eancia eletr\u00f4nica e receber\u00e1 propostas virtuais, marcando o encerramento do planejamento estrutural do complexo educacional. Esta etapa final contar\u00e1 com um investimento estimado em R$ 160 milh\u00f5es.<\/p>\n\n\n\n<p class=\"wp-block-paragraph\">O projeto de implanta\u00e7\u00e3o do ITA Cear\u00e1 foi dividido em tr\u00eas grandes momentos estrat\u00e9gicos. A primeira fase, que englobou a constru\u00e7\u00e3o do pr\u00e9dio das engenharias e o primeiro bloco de alojamentos estudantis (com capacidade para at\u00e9 80 alunos), j\u00e1 foi integralmente conclu\u00edda. Atualmente, o campus passa pela execu\u00e7\u00e3o da segunda fase, voltada para a reforma e restaura\u00e7\u00e3o de edifica\u00e7\u00f5es antigas da Base A\u00e9rea, moderniza\u00e7\u00e3o das redes el\u00e9tricas e hidrossanit\u00e1rias e melhorias na infraestrutura de suporte, com previs\u00e3o de t\u00e9rmino para o segundo semestre deste ano.<\/p>\n\n\n\n<p class=\"wp-block-paragraph\">A terceira fase, agora licitada, funcionar\u00e1 como a consolida\u00e7\u00e3o definitiva do campus. Os novos recursos ser\u00e3o aplicados na amplia\u00e7\u00e3o dos blocos de apoio e em investimentos operacionais robustos para a aquisi\u00e7\u00e3o de mobili\u00e1rio e equipamentos de \u00faltima gera\u00e7\u00e3o para os laborat\u00f3rios did\u00e1ticos. A coordena\u00e7\u00e3o t\u00e9cnica do projeto \u00e9 realizada pelo Comando da Aeron\u00e1utica, enquanto os repasses financeiros s\u00e3o origin\u00e1rios do Minist\u00e9rio da Educa\u00e7\u00e3o (MEC), sob a execu\u00e7\u00e3o e fiscaliza\u00e7\u00e3o da Superintend\u00eancia de Obras P\u00fablicas do Estado do Cear\u00e1 (SOP-CE).<\/p>\n\n\n\n<p class=\"wp-block-paragraph\">Os estudantes cearenses aprovados nos primeiros processos seletivos do ITA iniciaram o Curso Fundamental na sede hist\u00f3rica de S\u00e3o Jos\u00e9 dos Campos, em S\u00e3o Paulo, devido ao andamento das constru\u00e7\u00f5es em Fortaleza. O cronograma oficial estabelece que o Ciclo Profissional seja iniciado no novo campus cearense no come\u00e7o de 2027, com as aulas oficialmente previstas para mar\u00e7o daquele ano.<\/p>\n\n\n\n<p class=\"wp-block-paragraph\">A unidade do ITA no Cear\u00e1 ofertar\u00e1 duas gradua\u00e7\u00f5es in\u00e9ditas e estrat\u00e9gicas de alta tecnologia: Engenharia de Sistemas e Engenharia de Energia. O corpo t\u00e9cnico e docente do n\u00facleo de Fortaleza j\u00e1 vem participando de concursos p\u00fablicos e integra\u00e7\u00f5es locais, preparando os planos de aula e o desenvolvimento cient\u00edfico que transformar\u00e3o o estado em um dos maiores polos de inova\u00e7\u00e3o tecnol\u00f3gica aeroespacial e de energias renov\u00e1veis do pa\u00eds.<\/p>\n\n\n\n<figure class=\"wp-block-image size-large\"><img loading=\"lazy\" decoding=\"async\" width=\"1024\" height=\"576\" src=\"https:\/\/blogdorogeriogomes.com.br\/noticias\/wp-content\/uploads\/2026\/08\/licitacao-para-3-fase-das-obras-do-ita-ceara-esta-marcada-para-26-de-agosto-1024x576.webp\" alt=\"\" class=\"wp-image-41671\" srcset=\"https:\/\/blogdorogeriogomes.com.br\/noticias\/wp-content\/uploads\/2026\/08\/licitacao-para-3-fase-das-obras-do-ita-ceara-esta-marcada-para-26-de-agosto-1024x576.webp 1024w, https:\/\/blogdorogeriogomes.com.br\/noticias\/wp-content\/uploads\/2026\/08\/licitacao-para-3-fase-das-obras-do-ita-ceara-esta-marcada-para-26-de-agosto-300x169.webp 300w, https:\/\/blogdorogeriogomes.com.br\/noticias\/wp-content\/uploads\/2026\/08\/licitacao-para-3-fase-das-obras-do-ita-ceara-esta-marcada-para-26-de-agosto-768x432.webp 768w, https:\/\/blogdorogeriogomes.com.br\/noticias\/wp-content\/uploads\/2026\/08\/licitacao-para-3-fase-das-obras-do-ita-ceara-esta-marcada-para-26-de-agosto-800x450.webp 800w, https:\/\/blogdorogeriogomes.com.br\/noticias\/wp-content\/uploads\/2026\/08\/licitacao-para-3-fase-das-obras-do-ita-ceara-esta-marcada-para-26-de-agosto.webp 1280w\" sizes=\"auto, (max-width: 1024px) 100vw, 1024px\" \/><\/figure>\n","protected":false},"excerpt":{"rendered":"<p>O Governo Federal deu mais um passo decisivo para a consolida\u00e7\u00e3o do primeiro campus do Instituto Tecnol\u00f3gico de Aeron\u00e1utica (ITA) no Nordeste. Foi anunciada a abertura da licita\u00e7\u00e3o para a terceira e \u00faltima fase das obras da institui\u00e7\u00e3o, que ser\u00e1 instalada na Base A\u00e9rea de Fortaleza. De acordo com o Fundo Nacional de Desenvolvimento da Educa\u00e7\u00e3o (FNDE), o certame ocorrer\u00e1 por meio de concorr\u00eancia eletr\u00f4nica e receber\u00e1 propostas virtuais, marcando o encerramento do planejamento estrutural do complexo educacional. Esta&hellip;<\/p>\n","protected":false},"author":1,"featured_media":41671,"comment_status":"open","ping_status":"open","sticky":false,"template":"","format":"standard","meta":{"footnotes":""},"categories":[1],"tags":[],"class_list":["post-41670","post","type-post","status-publish","format-standard","has-post-thumbnail","hentry","category-noticias"],"_links":{"self":[{"href":"https:\/\/blogdorogeriogomes.com.br\/noticias\/wp-json\/wp\/v2\/posts\/41670","targetHints":{"allow":["GET"]}}],"collection":[{"href":"https:\/\/blogdorogeriogomes.com.br\/noticias\/wp-json\/wp\/v2\/posts"}],"about":[{"href":"https:\/\/blogdorogeriogomes.com.br\/noticias\/wp-json\/wp\/v2\/types\/post"}],"author":[{"embeddable":true,"href":"https:\/\/blogdorogeriogomes.com.br\/noticias\/wp-json\/wp\/v2\/users\/1"}],"replies":[{"embeddable":true,"href":"https:\/\/blogdorogeriogomes.com.br\/noticias\/wp-json\/wp\/v2\/comments?post=41670"}],"version-history":[{"count":1,"href":"https:\/\/blogdorogeriogomes.com.br\/noticias\/wp-json\/wp\/v2\/posts\/41670\/revisions"}],"predecessor-version":[{"id":41672,"href":"https:\/\/blogdorogeriogomes.com.br\/noticias\/wp-json\/wp\/v2\/posts\/41670\/revisions\/41672"}],"wp:featuredmedia":[{"embeddable":true,"href":"https:\/\/blogdorogeriogomes.com.br\/noticias\/wp-json\/wp\/v2\/media\/41671"}],"wp:attachment":[{"href":"https:\/\/blogdorogeriogomes.com.br\/noticias\/wp-json\/wp\/v2\/media?parent=41670"}],"wp:term":[{"taxonomy":"category","embeddable":true,"href":"https:\/\/blogdorogeriogomes.com.br\/noticias\/wp-json\/wp\/v2\/categories?post=41670"},{"taxonomy":"post_tag","embeddable":true,"href":"https:\/\/blogdorogeriogomes.com.br\/noticias\/wp-json\/wp\/v2\/tags?post=41670"}],"curies":[{"name":"wp","href":"https:\/\/api.w.org\/{rel}","templated":true}]}}