{"id":41673,"date":"2026-08-11T20:22:20","date_gmt":"2026-08-11T20:22:20","guid":{"rendered":"https:\/\/blogdorogeriogomes.com.br\/noticias\/?p=41673"},"modified":"2026-08-11T20:29:24","modified_gmt":"2026-08-11T20:29:24","slug":"operacao-omerta-prende-tres-vereadores-de-sobral-por-suspeita-de-ligacao-com-faccao-criminosa-e-pedagio-eleitoral","status":"publish","type":"post","link":"https:\/\/blogdorogeriogomes.com.br\/noticias\/2026\/08\/operacao-omerta-prende-tres-vereadores-de-sobral-por-suspeita-de-ligacao-com-faccao-criminosa-e-pedagio-eleitoral\/","title":{"rendered":"Opera\u00e7\u00e3o Omert\u00e1 prende tr\u00eas vereadores de Sobral por suspeita de liga\u00e7\u00e3o com fac\u00e7\u00e3o criminosa e &#8220;ped\u00e1gio eleitoral&#8221;"},"content":{"rendered":"\n<p class=\"wp-block-paragraph\">Uma for\u00e7a-tarefa coordenada pela For\u00e7a Integrada de Combate ao Crime Organizado no Cear\u00e1 (FICCO\/CE) e pelo Minist\u00e9rio P\u00fablico Eleitoral deflagrou, nesta ter\u00e7a-feira, dia 11 de agosto, a Opera\u00e7\u00e3o Omert\u00e1. A a\u00e7\u00e3o resultou na pris\u00e3o preventiva e no afastamento por 180 dias de tr\u00eas vereadores do munic\u00edpio de Sobral, acusados de integrar e pagar &#8220;ped\u00e1gio eleitoral&#8221; a uma fac\u00e7\u00e3o criminosa para obter livre tr\u00e2nsito em bairros controlados pelo crime.<\/p>\n\n\n\n<p class=\"wp-block-paragraph\">Os parlamentares detidos s\u00e3o Carlos do Calisto (PSB), M\u00e1rio Vicktor (Uni\u00e3o Brasil) e Junim do Povo (Podemos). As investiga\u00e7\u00f5es apontam que a organiza\u00e7\u00e3o criminosa Comando Vermelho (CV), que domina o crime organizado na regi\u00e3o, cobrava taxas de at\u00e9 R$ 60 mil de pol\u00edticos com mandato e R$ 30 mil de candidatos para autorizar a realiza\u00e7\u00e3o de campanhas de rua nas comunidades de Sobral.<\/p>\n\n\n\n<p class=\"wp-block-paragraph\">Conforme o Minist\u00e9rio P\u00fablico do Estado do Cear\u00e1 (MPCE), por meio do Grupo Auxiliar Eleitoral (GAEL), o esquema vinha operando desde o pleito municipal de 2024 e visava manipular de forma direta a escolha dos eleitores por meio de coa\u00e7\u00e3o, amea\u00e7as e limita\u00e7\u00e3o da propaganda de advers\u00e1rios pol\u00edticos. <\/p>\n\n\n\n<p class=\"wp-block-paragraph\">Candidatos que disputam as elei\u00e7\u00f5es gerais relataram estar sendo extorquidos, o que levou inclusive ao cancelamento de eventos pol\u00edticos locais. O nome da ofensiva, &#8220;Omert\u00e1&#8221;, faz refer\u00eancia direta ao tradicional c\u00f3digo de sil\u00eancio e honra das m\u00e1fias italianas, sinalizando a tentativa de blindagem que os investigados mantinham sobre as atividades il\u00edcitas.<\/p>\n\n\n\n<p class=\"wp-block-paragraph\">A 3\u00aa Zona Eleitoral de Fortaleza expediu, ao todo, 14 mandados de pris\u00e3o preventiva, 25 mandados de busca e apreens\u00e3o e 5 medidas de afastamento cautelar de fun\u00e7\u00f5es p\u00fablicas. Al\u00e9m dos tr\u00eas vereadores, a opera\u00e7\u00e3o mirou outros agentes estrat\u00e9gicos como agentes p\u00fablicos e assessores. Outros dois servidores p\u00fablicos foram afastados cautelarmente por 180 dias. Um assessor jur\u00eddico do Legislativo Municipal \u00e9 investigado por atuar na linha de lideran\u00e7a e execu\u00e7\u00e3o de ordens destinadas a interferir no processo eleitoral. Uma policial militar, apontada como esposa de um dos chefes da fac\u00e7\u00e3o criminosa, tamb\u00e9m foi alvo de afastamento de suas fun\u00e7\u00f5es.<\/p>\n\n\n\n<p class=\"wp-block-paragraph\">Durante o cumprimento das buscas, foram apreendidos aparelhos celulares, documentos e quantias em dinheiro vivo. O material passar\u00e1 por per\u00edcia t\u00e9cnica da Pol\u00edcia Federal para aprofundar as investiga\u00e7\u00f5es. A Justi\u00e7a Eleitoral tamb\u00e9m determinou que a C\u00e2mara Municipal de Sobral envie imediatamente a listagem completa de todos os servidores comissionados, tempor\u00e1rios e detentores de fun\u00e7\u00f5es de confian\u00e7a para averiguar poss\u00edveis contrata\u00e7\u00f5es vinculadas \u00e0 fac\u00e7\u00e3o. Por conta dos desdobramentos e das pris\u00f5es, a sess\u00e3o ordin\u00e1ria da C\u00e2mara prevista para esta ter\u00e7a-feira foi oficialmente cancelada. Os vereadores presos foram encaminhados a uma unidade prisional ap\u00f3s passarem por exames de corpo de delito no Instituto M\u00e9dico Legal (IML).<\/p>\n\n\n\n<figure class=\"wp-block-image size-full\"><img loading=\"lazy\" decoding=\"async\" width=\"1600\" height=\"900\" src=\"https:\/\/blogdorogeriogomes.com.br\/noticias\/wp-content\/uploads\/2026\/08\/vereadores-presos-sobral.jpg\" alt=\"\" class=\"wp-image-41674\"\/><\/figure>\n","protected":false},"excerpt":{"rendered":"<p>Uma for\u00e7a-tarefa coordenada pela For\u00e7a Integrada de Combate ao Crime Organizado no Cear\u00e1 (FICCO\/CE) e pelo Minist\u00e9rio P\u00fablico Eleitoral deflagrou, nesta ter\u00e7a-feira, dia 11 de agosto, a Opera\u00e7\u00e3o Omert\u00e1. A a\u00e7\u00e3o resultou na pris\u00e3o preventiva e no afastamento por 180 dias de tr\u00eas vereadores do munic\u00edpio de Sobral, acusados de integrar e pagar &#8220;ped\u00e1gio eleitoral&#8221; a uma fac\u00e7\u00e3o criminosa para obter livre tr\u00e2nsito em bairros controlados pelo crime. Os parlamentares detidos s\u00e3o Carlos do Calisto (PSB), M\u00e1rio Vicktor (Uni\u00e3o&hellip;<\/p>\n","protected":false},"author":1,"featured_media":41674,"comment_status":"open","ping_status":"open","sticky":false,"template":"","format":"standard","meta":{"footnotes":""},"categories":[1],"tags":[],"class_list":["post-41673","post","type-post","status-publish","format-standard","has-post-thumbnail","hentry","category-noticias"],"_links":{"self":[{"href":"https:\/\/blogdorogeriogomes.com.br\/noticias\/wp-json\/wp\/v2\/posts\/41673","targetHints":{"allow":["GET"]}}],"collection":[{"href":"https:\/\/blogdorogeriogomes.com.br\/noticias\/wp-json\/wp\/v2\/posts"}],"about":[{"href":"https:\/\/blogdorogeriogomes.com.br\/noticias\/wp-json\/wp\/v2\/types\/post"}],"author":[{"embeddable":true,"href":"https:\/\/blogdorogeriogomes.com.br\/noticias\/wp-json\/wp\/v2\/users\/1"}],"replies":[{"embeddable":true,"href":"https:\/\/blogdorogeriogomes.com.br\/noticias\/wp-json\/wp\/v2\/comments?post=41673"}],"version-history":[{"count":2,"href":"https:\/\/blogdorogeriogomes.com.br\/noticias\/wp-json\/wp\/v2\/posts\/41673\/revisions"}],"predecessor-version":[{"id":41676,"href":"https:\/\/blogdorogeriogomes.com.br\/noticias\/wp-json\/wp\/v2\/posts\/41673\/revisions\/41676"}],"wp:featuredmedia":[{"embeddable":true,"href":"https:\/\/blogdorogeriogomes.com.br\/noticias\/wp-json\/wp\/v2\/media\/41674"}],"wp:attachment":[{"href":"https:\/\/blogdorogeriogomes.com.br\/noticias\/wp-json\/wp\/v2\/media?parent=41673"}],"wp:term":[{"taxonomy":"category","embeddable":true,"href":"https:\/\/blogdorogeriogomes.com.br\/noticias\/wp-json\/wp\/v2\/categories?post=41673"},{"taxonomy":"post_tag","embeddable":true,"href":"https:\/\/blogdorogeriogomes.com.br\/noticias\/wp-json\/wp\/v2\/tags?post=41673"}],"curies":[{"name":"wp","href":"https:\/\/api.w.org\/{rel}","templated":true}]}}