{"id":41677,"date":"2026-08-11T20:41:42","date_gmt":"2026-08-11T20:41:42","guid":{"rendered":"https:\/\/blogdorogeriogomes.com.br\/noticias\/?p=41677"},"modified":"2026-08-11T20:41:43","modified_gmt":"2026-08-11T20:41:43","slug":"sargento-reginauro-toma-posse-no-senado-apos-licenca-de-eduardo-girao-novo-fica-sem-candidato-ao-governo-no-ceara-apos-desistencia-de-pedro-brito","status":"publish","type":"post","link":"https:\/\/blogdorogeriogomes.com.br\/noticias\/2026\/08\/sargento-reginauro-toma-posse-no-senado-apos-licenca-de-eduardo-girao-novo-fica-sem-candidato-ao-governo-no-ceara-apos-desistencia-de-pedro-brito\/","title":{"rendered":"Sargento Reginauro toma posse no Senado ap\u00f3s licen\u00e7a de Eduardo Gir\u00e3o. Novo fica sem candidato ao governo no Cear\u00e1 ap\u00f3s desist\u00eancia de Pedro Brito"},"content":{"rendered":"\n<p class=\"wp-block-paragraph\">O deputado estadual Sargento Reginauro (PSDB) tomou posse tempor\u00e1ria como senador da Rep\u00fablica nesta ter\u00e7a-feira, dia 11 de agosto, assumindo a cadeira do Cear\u00e1 no Congresso Nacional. A mudan\u00e7a ocorre devido \u00e0 licen\u00e7a de 121 dias aprovada pelo plen\u00e1rio do Senado para o titular, Eduardo Gir\u00e3o (Novo), que se afastou do cargo para disputar as elei\u00e7\u00f5es de 2026 como candidato a vice-presidente da Rep\u00fablica na chapa pura encabe\u00e7ada pelo ex-governador de Minas Gerais, Romeu Zema (Novo).<\/p>\n\n\n\n<p class=\"wp-block-paragraph\">Bombeiro militar, professor e mestre em Educa\u00e7\u00e3o, Reginauro \u00e9 o primeiro suplente da chapa eleita em 2018 e exercer\u00e1 o mandato em Bras\u00edlia at\u00e9 o final de 2026. O parlamentar assumiu o posto logo ap\u00f3s receber alta hospitalar de um transplante de medula \u00f3ssea para o tratamento de um linfoma. Com a sua ida ao Senado, a vaga deixada por ele na Assembleia Legislativa do Cear\u00e1 (Alece) continuar\u00e1 sendo ocupada pelo suplente Tony Brito (PSD).<\/p>\n\n\n\n<p class=\"wp-block-paragraph\">Enquanto a bancada cearense se reorganiza no plano federal, o diret\u00f3rio do Novo no Cear\u00e1 enfrenta uma crise interna na disputa local. O advogado Pedro Brito (Novo), que havia sido lan\u00e7ado na conven\u00e7\u00e3o partid\u00e1ria para substituir Eduardo Gir\u00e3o na corrida pelo Pal\u00e1cio da Aboli\u00e7\u00e3o, anunciou oficialmente a desist\u00eancia de sua candidatura ao Governo do Estado tamb\u00e9m nesta ter\u00e7a-feira.<\/p>\n\n\n\n<p class=\"wp-block-paragraph\">A retirada do nome de Pedro Brito ocorre apenas uma semana ap\u00f3s a sua homologa\u00e7\u00e3o. O estopim para a crise foram os desentendimentos internos causados pela aus\u00eancia do advogado no primeiro debate televisivo entre os candidatos ao governo, realizado no \u00faltimo domingo, dia 9. <\/p>\n\n\n\n<p class=\"wp-block-paragraph\">Pedro Brito alegou motivos de &#8220;planejamento estrat\u00e9gico&#8221; para faltar ao encontro, o que desagradou profundamente a c\u00fapula da legenda. Com o in\u00edcio oficial da campanha eleitoral marcado para o dia 16 de agosto, o Novo corre contra o tempo. O partido precisa deliberar em comiss\u00e3o se apresentar\u00e1 um nome substituto de \u00faltima hora ou se deixar\u00e1 o Cear\u00e1 sem uma candidatura pr\u00f3pria para a disputa majorit\u00e1ria estadual.<\/p>\n\n\n\n<figure class=\"wp-block-image size-large\"><img loading=\"lazy\" decoding=\"async\" width=\"768\" height=\"1024\" src=\"https:\/\/blogdorogeriogomes.com.br\/noticias\/wp-content\/uploads\/2026\/08\/IMG-20260811-WA0151-768x1024.jpg\" alt=\"\" class=\"wp-image-41678\" srcset=\"https:\/\/blogdorogeriogomes.com.br\/noticias\/wp-content\/uploads\/2026\/08\/IMG-20260811-WA0151-768x1024.jpg 768w, https:\/\/blogdorogeriogomes.com.br\/noticias\/wp-content\/uploads\/2026\/08\/IMG-20260811-WA0151-225x300.jpg 225w, https:\/\/blogdorogeriogomes.com.br\/noticias\/wp-content\/uploads\/2026\/08\/IMG-20260811-WA0151-800x1067.jpg 800w, https:\/\/blogdorogeriogomes.com.br\/noticias\/wp-content\/uploads\/2026\/08\/IMG-20260811-WA0151.jpg 960w\" sizes=\"auto, (max-width: 768px) 100vw, 768px\" \/><\/figure>\n","protected":false},"excerpt":{"rendered":"<p>O deputado estadual Sargento Reginauro (PSDB) tomou posse tempor\u00e1ria como senador da Rep\u00fablica nesta ter\u00e7a-feira, dia 11 de agosto, assumindo a cadeira do Cear\u00e1 no Congresso Nacional. A mudan\u00e7a ocorre devido \u00e0 licen\u00e7a de 121 dias aprovada pelo plen\u00e1rio do Senado para o titular, Eduardo Gir\u00e3o (Novo), que se afastou do cargo para disputar as elei\u00e7\u00f5es de 2026 como candidato a vice-presidente da Rep\u00fablica na chapa pura encabe\u00e7ada pelo ex-governador de Minas Gerais, Romeu Zema (Novo). Bombeiro militar, professor&hellip;<\/p>\n","protected":false},"author":1,"featured_media":41678,"comment_status":"open","ping_status":"open","sticky":false,"template":"","format":"standard","meta":{"footnotes":""},"categories":[1],"tags":[],"class_list":["post-41677","post","type-post","status-publish","format-standard","has-post-thumbnail","hentry","category-noticias"],"_links":{"self":[{"href":"https:\/\/blogdorogeriogomes.com.br\/noticias\/wp-json\/wp\/v2\/posts\/41677","targetHints":{"allow":["GET"]}}],"collection":[{"href":"https:\/\/blogdorogeriogomes.com.br\/noticias\/wp-json\/wp\/v2\/posts"}],"about":[{"href":"https:\/\/blogdorogeriogomes.com.br\/noticias\/wp-json\/wp\/v2\/types\/post"}],"author":[{"embeddable":true,"href":"https:\/\/blogdorogeriogomes.com.br\/noticias\/wp-json\/wp\/v2\/users\/1"}],"replies":[{"embeddable":true,"href":"https:\/\/blogdorogeriogomes.com.br\/noticias\/wp-json\/wp\/v2\/comments?post=41677"}],"version-history":[{"count":1,"href":"https:\/\/blogdorogeriogomes.com.br\/noticias\/wp-json\/wp\/v2\/posts\/41677\/revisions"}],"predecessor-version":[{"id":41679,"href":"https:\/\/blogdorogeriogomes.com.br\/noticias\/wp-json\/wp\/v2\/posts\/41677\/revisions\/41679"}],"wp:featuredmedia":[{"embeddable":true,"href":"https:\/\/blogdorogeriogomes.com.br\/noticias\/wp-json\/wp\/v2\/media\/41678"}],"wp:attachment":[{"href":"https:\/\/blogdorogeriogomes.com.br\/noticias\/wp-json\/wp\/v2\/media?parent=41677"}],"wp:term":[{"taxonomy":"category","embeddable":true,"href":"https:\/\/blogdorogeriogomes.com.br\/noticias\/wp-json\/wp\/v2\/categories?post=41677"},{"taxonomy":"post_tag","embeddable":true,"href":"https:\/\/blogdorogeriogomes.com.br\/noticias\/wp-json\/wp\/v2\/tags?post=41677"}],"curies":[{"name":"wp","href":"https:\/\/api.w.org\/{rel}","templated":true}]}}