{"id":41683,"date":"2026-08-12T11:38:50","date_gmt":"2026-08-12T11:38:50","guid":{"rendered":"https:\/\/blogdorogeriogomes.com.br\/noticias\/?p=41683"},"modified":"2026-08-12T11:38:50","modified_gmt":"2026-08-12T11:38:50","slug":"assembleia-legislativa-do-ceara-tera-renovacao-de-pelo-menos-26-em-2026-doze-deputados-estaduais-nao-vao-tentar-reeleicao","status":"publish","type":"post","link":"https:\/\/blogdorogeriogomes.com.br\/noticias\/2026\/08\/assembleia-legislativa-do-ceara-tera-renovacao-de-pelo-menos-26-em-2026-doze-deputados-estaduais-nao-vao-tentar-reeleicao\/","title":{"rendered":"Assembleia Legislativa do Cear\u00e1 ter\u00e1 renova\u00e7\u00e3o de pelo menos 26% em 2026. Doze deputados estaduais n\u00e3o v\u00e3o tentar reelei\u00e7\u00e3o"},"content":{"rendered":"\n<p class=\"wp-block-paragraph\">A renova\u00e7\u00e3o na Assembleia Legislativa do Cear\u00e1 (Alece) em 2026 ser\u00e1 de, no m\u00ednimo, 26%, pois pelo menos 12 deputados estaduais decidiram n\u00e3o concorrer \u00e0 reelei\u00e7\u00e3o. O cen\u00e1rio pol\u00edtico cearense passar\u00e1 por mudan\u00e7as obrigat\u00f3rias nas pr\u00f3ximas elei\u00e7\u00f5es. A sa\u00edda de mais de um quarto dos atuais parlamentares abre espa\u00e7o para novos nomes e promete redesenhar as for\u00e7as pol\u00edticas dentro do Legislativo estadual.<\/p>\n\n\n\n<p class=\"wp-block-paragraph\">A motiva\u00e7\u00e3o \u00e9 que parlamentares estaduais tentar\u00e3o migrar para a C\u00e2mara dos Deputados ou para o Senado Federal. Alguns deputados tamb\u00e9m abrir\u00e3o m\u00e3o da disputa para apoiar aliados estrat\u00e9gicos. A aus\u00eancia desses nomes deve redirecionar o eleitorado tradicional para novos candidatos competitivos.<\/p>\n\n\n\n<p class=\"wp-block-paragraph\">A Alece teve 45% de renova\u00e7\u00e3o, com 25 deputados reeleitos e 21 novos rostos assumindo o mandato nas elei\u00e7\u00f5es passadas. Tr\u00eas parlamentares renunciaram ap\u00f3s vencerem disputas para o Executivo Municipal em 2024: Evandro Leit\u00e3o (PT) foi eleito Prefeito de Fortaleza, Gabriella Aguiar (PSD) como Vice-prefeita de Fortaleza e Oscar Rodrigues (Uni\u00e3o) como Prefeito de Sobral. <\/p>\n\n\n\n<p class=\"wp-block-paragraph\">Confira quem n\u00e3o vai disputar a reelei\u00e7\u00e3o em 2026<\/p>\n\n\n\n<p class=\"wp-block-paragraph\">Agenor Neto (MDB)<\/p>\n\n\n\n<p class=\"wp-block-paragraph\">Alcides Fernandes (PL)<\/p>\n\n\n\n<p class=\"wp-block-paragraph\">Alysson Aguiar (PCdoB)<\/p>\n\n\n\n<p class=\"wp-block-paragraph\">Carmelo Bolsonaro (PL)<\/p>\n\n\n\n<p class=\"wp-block-paragraph\">Fernando Santana (PT)<\/p>\n\n\n\n<p class=\"wp-block-paragraph\">Juliana Lucena (PDT)<\/p>\n\n\n\n<p class=\"wp-block-paragraph\">Larissa Gaspar (PT)<\/p>\n\n\n\n<p class=\"wp-block-paragraph\">Luana R\u00e9gia (PSD)<\/p>\n\n\n\n<p class=\"wp-block-paragraph\">Lucinildo Frota (PL)<\/p>\n\n\n\n<p class=\"wp-block-paragraph\">Oriel Filho (PT)<\/p>\n\n\n\n<p class=\"wp-block-paragraph\">Renato Roseno (Psol)<\/p>\n\n\n\n<p class=\"wp-block-paragraph\">Stuart Castro (Republicanos)<\/p>\n\n\n\n<figure class=\"wp-block-image size-large\"><img loading=\"lazy\" decoding=\"async\" width=\"1024\" height=\"768\" src=\"https:\/\/blogdorogeriogomes.com.br\/noticias\/wp-content\/uploads\/2026\/08\/Deputados-que-nao-disputarao-eleicao-1024x768.webp\" alt=\"\" class=\"wp-image-41684\" srcset=\"https:\/\/blogdorogeriogomes.com.br\/noticias\/wp-content\/uploads\/2026\/08\/Deputados-que-nao-disputarao-eleicao-1024x768.webp 1024w, https:\/\/blogdorogeriogomes.com.br\/noticias\/wp-content\/uploads\/2026\/08\/Deputados-que-nao-disputarao-eleicao-300x225.webp 300w, https:\/\/blogdorogeriogomes.com.br\/noticias\/wp-content\/uploads\/2026\/08\/Deputados-que-nao-disputarao-eleicao-768x576.webp 768w, https:\/\/blogdorogeriogomes.com.br\/noticias\/wp-content\/uploads\/2026\/08\/Deputados-que-nao-disputarao-eleicao-1536x1152.webp 1536w, https:\/\/blogdorogeriogomes.com.br\/noticias\/wp-content\/uploads\/2026\/08\/Deputados-que-nao-disputarao-eleicao-800x600.webp 800w, https:\/\/blogdorogeriogomes.com.br\/noticias\/wp-content\/uploads\/2026\/08\/Deputados-que-nao-disputarao-eleicao-400x300.webp 400w, https:\/\/blogdorogeriogomes.com.br\/noticias\/wp-content\/uploads\/2026\/08\/Deputados-que-nao-disputarao-eleicao.webp 2048w\" sizes=\"auto, (max-width: 1024px) 100vw, 1024px\" \/><\/figure>\n","protected":false},"excerpt":{"rendered":"<p>A renova\u00e7\u00e3o na Assembleia Legislativa do Cear\u00e1 (Alece) em 2026 ser\u00e1 de, no m\u00ednimo, 26%, pois pelo menos 12 deputados estaduais decidiram n\u00e3o concorrer \u00e0 reelei\u00e7\u00e3o. O cen\u00e1rio pol\u00edtico cearense passar\u00e1 por mudan\u00e7as obrigat\u00f3rias nas pr\u00f3ximas elei\u00e7\u00f5es. A sa\u00edda de mais de um quarto dos atuais parlamentares abre espa\u00e7o para novos nomes e promete redesenhar as for\u00e7as pol\u00edticas dentro do Legislativo estadual. A motiva\u00e7\u00e3o \u00e9 que parlamentares estaduais tentar\u00e3o migrar para a C\u00e2mara dos Deputados ou para o Senado&hellip;<\/p>\n","protected":false},"author":1,"featured_media":41684,"comment_status":"open","ping_status":"open","sticky":false,"template":"","format":"standard","meta":{"footnotes":""},"categories":[1],"tags":[],"class_list":["post-41683","post","type-post","status-publish","format-standard","has-post-thumbnail","hentry","category-noticias"],"_links":{"self":[{"href":"https:\/\/blogdorogeriogomes.com.br\/noticias\/wp-json\/wp\/v2\/posts\/41683","targetHints":{"allow":["GET"]}}],"collection":[{"href":"https:\/\/blogdorogeriogomes.com.br\/noticias\/wp-json\/wp\/v2\/posts"}],"about":[{"href":"https:\/\/blogdorogeriogomes.com.br\/noticias\/wp-json\/wp\/v2\/types\/post"}],"author":[{"embeddable":true,"href":"https:\/\/blogdorogeriogomes.com.br\/noticias\/wp-json\/wp\/v2\/users\/1"}],"replies":[{"embeddable":true,"href":"https:\/\/blogdorogeriogomes.com.br\/noticias\/wp-json\/wp\/v2\/comments?post=41683"}],"version-history":[{"count":1,"href":"https:\/\/blogdorogeriogomes.com.br\/noticias\/wp-json\/wp\/v2\/posts\/41683\/revisions"}],"predecessor-version":[{"id":41685,"href":"https:\/\/blogdorogeriogomes.com.br\/noticias\/wp-json\/wp\/v2\/posts\/41683\/revisions\/41685"}],"wp:featuredmedia":[{"embeddable":true,"href":"https:\/\/blogdorogeriogomes.com.br\/noticias\/wp-json\/wp\/v2\/media\/41684"}],"wp:attachment":[{"href":"https:\/\/blogdorogeriogomes.com.br\/noticias\/wp-json\/wp\/v2\/media?parent=41683"}],"wp:term":[{"taxonomy":"category","embeddable":true,"href":"https:\/\/blogdorogeriogomes.com.br\/noticias\/wp-json\/wp\/v2\/categories?post=41683"},{"taxonomy":"post_tag","embeddable":true,"href":"https:\/\/blogdorogeriogomes.com.br\/noticias\/wp-json\/wp\/v2\/tags?post=41683"}],"curies":[{"name":"wp","href":"https:\/\/api.w.org\/{rel}","templated":true}]}}