{"id":41686,"date":"2026-08-12T12:03:55","date_gmt":"2026-08-12T12:03:55","guid":{"rendered":"https:\/\/blogdorogeriogomes.com.br\/noticias\/?p=41686"},"modified":"2026-08-12T12:03:55","modified_gmt":"2026-08-12T12:03:55","slug":"apos-alinhamento-com-hugo-motta-lula-se-reune-hoje-com-davi-alcolumbre-para-definir-prioridades-na-pauta-do-senado","status":"publish","type":"post","link":"https:\/\/blogdorogeriogomes.com.br\/noticias\/2026\/08\/apos-alinhamento-com-hugo-motta-lula-se-reune-hoje-com-davi-alcolumbre-para-definir-prioridades-na-pauta-do-senado\/","title":{"rendered":"Ap\u00f3s alinhamento com Hugo Motta, Lula se re\u00fane hoje com Davi Alcolumbre para definir prioridades na pauta do Senado"},"content":{"rendered":"\n<p class=\"wp-block-paragraph\">O presidente Lula j\u00e1 alinhou as pautas priorit\u00e1rias na C\u00e2mara dos Deputados ap\u00f3s aproxima\u00e7\u00e3o com o presidente da Casa, Hugo Motta, que j\u00e1 defendeu publicamente o voto pela reelei\u00e7\u00e3o do petista em outubro. Agora, Lula busca pessoalmente resolver as pend\u00eancias no Senado. A agenda de vota\u00e7\u00f5es do Senado e os projetos considerados priorit\u00e1rios pelo Pal\u00e1cio do Planalto estar\u00e3o no centro de uma reuni\u00e3o entre o presidente da Rep\u00fablica e o presidente da Casa, Davi Alcolumbre (Uni\u00e3o Brasil-AP), nesta quarta-feira, dia 12 de agosto, no Pal\u00e1cio da Alvorada.<\/p>\n\n\n\n<p class=\"wp-block-paragraph\">Entre as propostas que o Planalto pretende discutir com Alcolumbre est\u00e3o o fim da escala de trabalho 6\u00d71, a PEC da Seguran\u00e7a P\u00fablica e o projeto relacionado aos minerais cr\u00edticos. A articula\u00e7\u00e3o com o comando do Senado \u00e9 considerada importante para definir o ritmo de an\u00e1lise dessas mat\u00e9rias. Como presidente da Casa, Alcolumbre exerce influ\u00eancia direta sobre a organiza\u00e7\u00e3o da pauta e o calend\u00e1rio das vota\u00e7\u00f5es.<\/p>\n\n\n\n<p class=\"wp-block-paragraph\">A conversa ocorre em meio a uma tentativa de restabelecer uma interlocu\u00e7\u00e3o mais pr\u00f3xima entre Lula e Alcolumbre. Aliados dos dois j\u00e1 trabalhavam para viabilizar um novo encontro ap\u00f3s uma primeira reuni\u00e3o articulada pelo ministro Alexandre de Moraes, do STF (Supremo Tribunal Federal). O Pal\u00e1cio do Planalto busca consolidar esse canal de di\u00e1logo para ampliar as condi\u00e7\u00f5es pol\u00edticas de aprova\u00e7\u00e3o das propostas defendidas pelo governo.\u00a0<\/p>\n\n\n\n<figure class=\"wp-block-image size-large\"><img loading=\"lazy\" decoding=\"async\" width=\"1024\" height=\"576\" src=\"https:\/\/blogdorogeriogomes.com.br\/noticias\/wp-content\/uploads\/2026\/08\/54304722773-65c6d33fa2-o-1024x576.jpg\" alt=\"\" class=\"wp-image-41687\" srcset=\"https:\/\/blogdorogeriogomes.com.br\/noticias\/wp-content\/uploads\/2026\/08\/54304722773-65c6d33fa2-o-1024x576.jpg 1024w, https:\/\/blogdorogeriogomes.com.br\/noticias\/wp-content\/uploads\/2026\/08\/54304722773-65c6d33fa2-o-300x169.jpg 300w, https:\/\/blogdorogeriogomes.com.br\/noticias\/wp-content\/uploads\/2026\/08\/54304722773-65c6d33fa2-o-768x432.jpg 768w, https:\/\/blogdorogeriogomes.com.br\/noticias\/wp-content\/uploads\/2026\/08\/54304722773-65c6d33fa2-o-800x450.jpg 800w, https:\/\/blogdorogeriogomes.com.br\/noticias\/wp-content\/uploads\/2026\/08\/54304722773-65c6d33fa2-o.jpg 1080w\" sizes=\"auto, (max-width: 1024px) 100vw, 1024px\" \/><\/figure>\n","protected":false},"excerpt":{"rendered":"<p>O presidente Lula j\u00e1 alinhou as pautas priorit\u00e1rias na C\u00e2mara dos Deputados ap\u00f3s aproxima\u00e7\u00e3o com o presidente da Casa, Hugo Motta, que j\u00e1 defendeu publicamente o voto pela reelei\u00e7\u00e3o do petista em outubro. Agora, Lula busca pessoalmente resolver as pend\u00eancias no Senado. A agenda de vota\u00e7\u00f5es do Senado e os projetos considerados priorit\u00e1rios pelo Pal\u00e1cio do Planalto estar\u00e3o no centro de uma reuni\u00e3o entre o presidente da Rep\u00fablica e o presidente da Casa, Davi Alcolumbre (Uni\u00e3o Brasil-AP), nesta quarta-feira,&hellip;<\/p>\n","protected":false},"author":1,"featured_media":41687,"comment_status":"open","ping_status":"open","sticky":false,"template":"","format":"standard","meta":{"footnotes":""},"categories":[1],"tags":[],"class_list":["post-41686","post","type-post","status-publish","format-standard","has-post-thumbnail","hentry","category-noticias"],"_links":{"self":[{"href":"https:\/\/blogdorogeriogomes.com.br\/noticias\/wp-json\/wp\/v2\/posts\/41686","targetHints":{"allow":["GET"]}}],"collection":[{"href":"https:\/\/blogdorogeriogomes.com.br\/noticias\/wp-json\/wp\/v2\/posts"}],"about":[{"href":"https:\/\/blogdorogeriogomes.com.br\/noticias\/wp-json\/wp\/v2\/types\/post"}],"author":[{"embeddable":true,"href":"https:\/\/blogdorogeriogomes.com.br\/noticias\/wp-json\/wp\/v2\/users\/1"}],"replies":[{"embeddable":true,"href":"https:\/\/blogdorogeriogomes.com.br\/noticias\/wp-json\/wp\/v2\/comments?post=41686"}],"version-history":[{"count":1,"href":"https:\/\/blogdorogeriogomes.com.br\/noticias\/wp-json\/wp\/v2\/posts\/41686\/revisions"}],"predecessor-version":[{"id":41688,"href":"https:\/\/blogdorogeriogomes.com.br\/noticias\/wp-json\/wp\/v2\/posts\/41686\/revisions\/41688"}],"wp:featuredmedia":[{"embeddable":true,"href":"https:\/\/blogdorogeriogomes.com.br\/noticias\/wp-json\/wp\/v2\/media\/41687"}],"wp:attachment":[{"href":"https:\/\/blogdorogeriogomes.com.br\/noticias\/wp-json\/wp\/v2\/media?parent=41686"}],"wp:term":[{"taxonomy":"category","embeddable":true,"href":"https:\/\/blogdorogeriogomes.com.br\/noticias\/wp-json\/wp\/v2\/categories?post=41686"},{"taxonomy":"post_tag","embeddable":true,"href":"https:\/\/blogdorogeriogomes.com.br\/noticias\/wp-json\/wp\/v2\/tags?post=41686"}],"curies":[{"name":"wp","href":"https:\/\/api.w.org\/{rel}","templated":true}]}}