{"id":41689,"date":"2026-08-12T14:49:08","date_gmt":"2026-08-12T14:49:08","guid":{"rendered":"https:\/\/blogdorogeriogomes.com.br\/noticias\/?p=41689"},"modified":"2026-08-12T14:49:08","modified_gmt":"2026-08-12T14:49:08","slug":"abertas-inscricoes-para-iii-encontro-de-empreendedorismo-socioambiental-e-negocios-de-impacto-promovido-pela-ufc","status":"publish","type":"post","link":"https:\/\/blogdorogeriogomes.com.br\/noticias\/2026\/08\/abertas-inscricoes-para-iii-encontro-de-empreendedorismo-socioambiental-e-negocios-de-impacto-promovido-pela-ufc\/","title":{"rendered":"Abertas inscri\u00e7\u00f5es para III Encontro de Empreendedorismo Socioambiental e Neg\u00f3cios de Impacto promovido pela UFC"},"content":{"rendered":"\n<p class=\"wp-block-paragraph\">Est\u00e3o abertas as inscri\u00e7\u00f5es gratuitas para o III Encontro de Empreendedorismo Socioambiental e Neg\u00f3cios de Impacto, que acontece nos dias 2 e 3 de setembro na UFC. O evento ser\u00e1 realizado no Condom\u00ednio de Empreendedorismo e Inova\u00e7\u00e3o (Campus do Pici, Fortaleza) e vai debater o tema &#8220;Economia de Impacto e Desenvolvimento Sustent\u00e1vel: pol\u00edticas p\u00fablicas, inova\u00e7\u00e3o e solu\u00e7\u00f5es territoriais&#8221;.<\/p>\n\n\n\n<p class=\"wp-block-paragraph\">Realizado pela Coemp\/UFC em parceria com a Coaliz\u00e3o pelo Impacto Fortaleza, o encontro espera receber at\u00e9 400 pessoas, consolidando um hist\u00f3rico de crescimento que come\u00e7ou com 150 participantes na primeira edi\u00e7\u00e3o. O p\u00fablico esperado re\u00fane acad\u00eamicos, investidores, empres\u00e1rios e gestores p\u00fablicos.<\/p>\n\n\n\n<p class=\"wp-block-paragraph\">Para o diretor da UFC Inova e pr\u00f3-reitor, professor Jos\u00e9 de Paula Barros Neto, o espa\u00e7o foi desenhado para unir diferentes setores e expandir o di\u00e1logo sobre sustentabilidade. A iniciativa conecta o conhecimento produzido na academia diretamente com as demandas do mercado e da sociedade civil, gerando novas redes de colabora\u00e7\u00e3o.<\/p>\n\n\n\n<figure class=\"wp-block-image size-large\"><img loading=\"lazy\" decoding=\"async\" width=\"1024\" height=\"577\" src=\"https:\/\/blogdorogeriogomes.com.br\/noticias\/wp-content\/uploads\/2026\/08\/20250902_100013-1024x577.jpg\" alt=\"\" class=\"wp-image-41690\" srcset=\"https:\/\/blogdorogeriogomes.com.br\/noticias\/wp-content\/uploads\/2026\/08\/20250902_100013-1024x577.jpg 1024w, https:\/\/blogdorogeriogomes.com.br\/noticias\/wp-content\/uploads\/2026\/08\/20250902_100013-300x169.jpg 300w, https:\/\/blogdorogeriogomes.com.br\/noticias\/wp-content\/uploads\/2026\/08\/20250902_100013-768x432.jpg 768w, https:\/\/blogdorogeriogomes.com.br\/noticias\/wp-content\/uploads\/2026\/08\/20250902_100013-1536x865.jpg 1536w, https:\/\/blogdorogeriogomes.com.br\/noticias\/wp-content\/uploads\/2026\/08\/20250902_100013-2048x1153.jpg 2048w, https:\/\/blogdorogeriogomes.com.br\/noticias\/wp-content\/uploads\/2026\/08\/20250902_100013-800x450.jpg 800w\" sizes=\"auto, (max-width: 1024px) 100vw, 1024px\" \/><\/figure>\n","protected":false},"excerpt":{"rendered":"<p>Est\u00e3o abertas as inscri\u00e7\u00f5es gratuitas para o III Encontro de Empreendedorismo Socioambiental e Neg\u00f3cios de Impacto, que acontece nos dias 2 e 3 de setembro na UFC. O evento ser\u00e1 realizado no Condom\u00ednio de Empreendedorismo e Inova\u00e7\u00e3o (Campus do Pici, Fortaleza) e vai debater o tema &#8220;Economia de Impacto e Desenvolvimento Sustent\u00e1vel: pol\u00edticas p\u00fablicas, inova\u00e7\u00e3o e solu\u00e7\u00f5es territoriais&#8221;. Realizado pela Coemp\/UFC em parceria com a Coaliz\u00e3o pelo Impacto Fortaleza, o encontro espera receber at\u00e9 400 pessoas, consolidando um hist\u00f3rico&hellip;<\/p>\n","protected":false},"author":1,"featured_media":41690,"comment_status":"open","ping_status":"open","sticky":false,"template":"","format":"standard","meta":{"footnotes":""},"categories":[1],"tags":[],"class_list":["post-41689","post","type-post","status-publish","format-standard","has-post-thumbnail","hentry","category-noticias"],"_links":{"self":[{"href":"https:\/\/blogdorogeriogomes.com.br\/noticias\/wp-json\/wp\/v2\/posts\/41689","targetHints":{"allow":["GET"]}}],"collection":[{"href":"https:\/\/blogdorogeriogomes.com.br\/noticias\/wp-json\/wp\/v2\/posts"}],"about":[{"href":"https:\/\/blogdorogeriogomes.com.br\/noticias\/wp-json\/wp\/v2\/types\/post"}],"author":[{"embeddable":true,"href":"https:\/\/blogdorogeriogomes.com.br\/noticias\/wp-json\/wp\/v2\/users\/1"}],"replies":[{"embeddable":true,"href":"https:\/\/blogdorogeriogomes.com.br\/noticias\/wp-json\/wp\/v2\/comments?post=41689"}],"version-history":[{"count":1,"href":"https:\/\/blogdorogeriogomes.com.br\/noticias\/wp-json\/wp\/v2\/posts\/41689\/revisions"}],"predecessor-version":[{"id":41691,"href":"https:\/\/blogdorogeriogomes.com.br\/noticias\/wp-json\/wp\/v2\/posts\/41689\/revisions\/41691"}],"wp:featuredmedia":[{"embeddable":true,"href":"https:\/\/blogdorogeriogomes.com.br\/noticias\/wp-json\/wp\/v2\/media\/41690"}],"wp:attachment":[{"href":"https:\/\/blogdorogeriogomes.com.br\/noticias\/wp-json\/wp\/v2\/media?parent=41689"}],"wp:term":[{"taxonomy":"category","embeddable":true,"href":"https:\/\/blogdorogeriogomes.com.br\/noticias\/wp-json\/wp\/v2\/categories?post=41689"},{"taxonomy":"post_tag","embeddable":true,"href":"https:\/\/blogdorogeriogomes.com.br\/noticias\/wp-json\/wp\/v2\/tags?post=41689"}],"curies":[{"name":"wp","href":"https:\/\/api.w.org\/{rel}","templated":true}]}}