{"id":41692,"date":"2026-08-12T15:18:44","date_gmt":"2026-08-12T15:18:44","guid":{"rendered":"https:\/\/blogdorogeriogomes.com.br\/noticias\/?p=41692"},"modified":"2026-08-12T15:18:44","modified_gmt":"2026-08-12T15:18:44","slug":"prefeito-evandro-leitao-confirma-que-fortaleza-vai-ganhar-mais-de-2-600-novas-moradias-pelo-programa-minha-casa-minha-vida","status":"publish","type":"post","link":"https:\/\/blogdorogeriogomes.com.br\/noticias\/2026\/08\/prefeito-evandro-leitao-confirma-que-fortaleza-vai-ganhar-mais-de-2-600-novas-moradias-pelo-programa-minha-casa-minha-vida\/","title":{"rendered":"Prefeito Evandro Leit\u00e3o confirma que Fortaleza vai ganhar mais de 2.600 novas moradias pelo Programa Minha Casa, Minha Vida"},"content":{"rendered":"\n<p class=\"wp-block-paragraph\">A Prefeitura de Fortaleza consolidou um avan\u00e7o importante na habita\u00e7\u00e3o popular com a autoriza\u00e7\u00e3o de 17 novos empreendimentos do programa Minha Casa, Minha Vida. Oficializadas pelo Minist\u00e9rio das Cidades, as portarias garantem a constru\u00e7\u00e3o de 2.608 unidades habitacionais distribu\u00eddas por 10 bairros da capital. O an\u00fancio foi realizado nesta ter\u00e7a-feira, dia 11 de agosto, pelo prefeito Evandro Leit\u00e3o e pelo secret\u00e1rio do Desenvolvimento Habitacional (Habitafor), Jonas Dezidoro.<\/p>\n\n\n\n<p class=\"wp-block-paragraph\">As novas obras v\u00e3o beneficiar diretamente cerca de oito mil pessoas em situa\u00e7\u00e3o de vulnerabilidade. Entre as regi\u00f5es contempladas com as constru\u00e7\u00f5es est\u00e3o os bairros Aeroporto, Quintino Cunha, Ant\u00f4nio Bezerra, Mondubim e Dias Macedo.<\/p>\n\n\n\n<p class=\"wp-block-paragraph\">O prefeito Evandro Leit\u00e3o refor\u00e7ou o compromisso com a \u00e1rea. &#8220;A habita\u00e7\u00e3o est\u00e1 entre as prioridades da nossa gest\u00e3o. Garantir mais moradias para fam\u00edlias em situa\u00e7\u00e3o de vulnerabilidade \u00e9 um compromisso inegoci\u00e1vel&#8221;, disse.<\/p>\n\n\n\n<p class=\"wp-block-paragraph\">Al\u00e9m dos novos contratos firmados, Fortaleza j\u00e1 possui cerca de tr\u00eas mil moradias em andamento, espalhadas por 14 residenciais. Desse grupo, os conjuntos Santa M\u00f4nica, Santa Rosa e Paupina j\u00e1 tiveram a lista de candidatos pr\u00e9-selecionados divulgada. Somando os projetos novos e os atuais, a prefeitura projeta a entrega de mais de cinco mil casas.<\/p>\n\n\n\n<p class=\"wp-block-paragraph\">Para participar \u00e9 necess\u00e1rio atualizar o cadastro para concorrer aos im\u00f3veis e as fam\u00edlias precisam manter os dados atualizados no Cadastro Habitacional, realizado nas Secretarias Regionais. \u00c9 fundamental atualizar informa\u00e7\u00f5es como n\u00famero de telefone e endere\u00e7o atual, quantidade de filhos, presen\u00e7a de idosos no n\u00facleo familiar, membros da fam\u00edlia com comorbidades.<\/p>\n\n\n\n<p class=\"wp-block-paragraph\">O cruzamento correto desses dados \u00e9 o que define a classifica\u00e7\u00e3o dos benefici\u00e1rios conforme os crit\u00e9rios do programa do Governo Federal.<\/p>\n\n\n\n<figure class=\"wp-block-image size-large\"><img loading=\"lazy\" decoding=\"async\" width=\"1024\" height=\"602\" src=\"https:\/\/blogdorogeriogomes.com.br\/noticias\/wp-content\/uploads\/2026\/08\/28-02-2025-Habitafor-1-1024x602.jpg\" alt=\"\" class=\"wp-image-41693\" srcset=\"https:\/\/blogdorogeriogomes.com.br\/noticias\/wp-content\/uploads\/2026\/08\/28-02-2025-Habitafor-1-1024x602.jpg 1024w, https:\/\/blogdorogeriogomes.com.br\/noticias\/wp-content\/uploads\/2026\/08\/28-02-2025-Habitafor-1-300x176.jpg 300w, https:\/\/blogdorogeriogomes.com.br\/noticias\/wp-content\/uploads\/2026\/08\/28-02-2025-Habitafor-1-768x451.jpg 768w, https:\/\/blogdorogeriogomes.com.br\/noticias\/wp-content\/uploads\/2026\/08\/28-02-2025-Habitafor-1-800x470.jpg 800w, https:\/\/blogdorogeriogomes.com.br\/noticias\/wp-content\/uploads\/2026\/08\/28-02-2025-Habitafor-1.jpg 1280w\" sizes=\"auto, (max-width: 1024px) 100vw, 1024px\" \/><\/figure>\n","protected":false},"excerpt":{"rendered":"<p>A Prefeitura de Fortaleza consolidou um avan\u00e7o importante na habita\u00e7\u00e3o popular com a autoriza\u00e7\u00e3o de 17 novos empreendimentos do programa Minha Casa, Minha Vida. Oficializadas pelo Minist\u00e9rio das Cidades, as portarias garantem a constru\u00e7\u00e3o de 2.608 unidades habitacionais distribu\u00eddas por 10 bairros da capital. O an\u00fancio foi realizado nesta ter\u00e7a-feira, dia 11 de agosto, pelo prefeito Evandro Leit\u00e3o e pelo secret\u00e1rio do Desenvolvimento Habitacional (Habitafor), Jonas Dezidoro. As novas obras v\u00e3o beneficiar diretamente cerca de oito mil pessoas em&hellip;<\/p>\n","protected":false},"author":1,"featured_media":41693,"comment_status":"open","ping_status":"open","sticky":false,"template":"","format":"standard","meta":{"footnotes":""},"categories":[1],"tags":[],"class_list":["post-41692","post","type-post","status-publish","format-standard","has-post-thumbnail","hentry","category-noticias"],"_links":{"self":[{"href":"https:\/\/blogdorogeriogomes.com.br\/noticias\/wp-json\/wp\/v2\/posts\/41692","targetHints":{"allow":["GET"]}}],"collection":[{"href":"https:\/\/blogdorogeriogomes.com.br\/noticias\/wp-json\/wp\/v2\/posts"}],"about":[{"href":"https:\/\/blogdorogeriogomes.com.br\/noticias\/wp-json\/wp\/v2\/types\/post"}],"author":[{"embeddable":true,"href":"https:\/\/blogdorogeriogomes.com.br\/noticias\/wp-json\/wp\/v2\/users\/1"}],"replies":[{"embeddable":true,"href":"https:\/\/blogdorogeriogomes.com.br\/noticias\/wp-json\/wp\/v2\/comments?post=41692"}],"version-history":[{"count":1,"href":"https:\/\/blogdorogeriogomes.com.br\/noticias\/wp-json\/wp\/v2\/posts\/41692\/revisions"}],"predecessor-version":[{"id":41694,"href":"https:\/\/blogdorogeriogomes.com.br\/noticias\/wp-json\/wp\/v2\/posts\/41692\/revisions\/41694"}],"wp:featuredmedia":[{"embeddable":true,"href":"https:\/\/blogdorogeriogomes.com.br\/noticias\/wp-json\/wp\/v2\/media\/41693"}],"wp:attachment":[{"href":"https:\/\/blogdorogeriogomes.com.br\/noticias\/wp-json\/wp\/v2\/media?parent=41692"}],"wp:term":[{"taxonomy":"category","embeddable":true,"href":"https:\/\/blogdorogeriogomes.com.br\/noticias\/wp-json\/wp\/v2\/categories?post=41692"},{"taxonomy":"post_tag","embeddable":true,"href":"https:\/\/blogdorogeriogomes.com.br\/noticias\/wp-json\/wp\/v2\/tags?post=41692"}],"curies":[{"name":"wp","href":"https:\/\/api.w.org\/{rel}","templated":true}]}}