{"id":41695,"date":"2026-08-12T20:24:35","date_gmt":"2026-08-12T20:24:35","guid":{"rendered":"https:\/\/blogdorogeriogomes.com.br\/noticias\/?p=41695"},"modified":"2026-08-12T20:24:35","modified_gmt":"2026-08-12T20:24:35","slug":"sem-eduardo-girao-ciro-gomes-lidera-pesquisa-atlasintel-na-disputa-contra-elmano-de-freitas-pelo-governo-do-ceara","status":"publish","type":"post","link":"https:\/\/blogdorogeriogomes.com.br\/noticias\/2026\/08\/sem-eduardo-girao-ciro-gomes-lidera-pesquisa-atlasintel-na-disputa-contra-elmano-de-freitas-pelo-governo-do-ceara\/","title":{"rendered":"Sem Eduardo Gir\u00e3o, Ciro Gomes lidera pesquisa AtlasIntel na disputa contra Elmano de Freitas pelo Governo do Cear\u00e1"},"content":{"rendered":"\n<p class=\"wp-block-paragraph\">Uma pesquisa AtlasIntel, divulgada nesta quarta-feira, dia 12 de agosto, apresenta novos n\u00fameros na disputa pelo Governo do Cear\u00e1. E sem a participa\u00e7\u00e3o do senador Eduardo Gir\u00e3o (Novo), que desistiu da disputa para concorrer como vice na chapa do presidenci\u00e1vel Romeu Zema (Novo).<\/p>\n\n\n\n<p class=\"wp-block-paragraph\">De acordo com os dados apresentados, o ex-ministro Ciro Gomes (PSDB) aparece com 49,3% das inten\u00e7\u00f5es de voto no cen\u00e1rio estimulado, enquanto o atual governador Elmano de Freitas (PT) registra 44,6%. A pesquisa indica uma diferen\u00e7a de 4,7 pontos percentuais entre os dois. A margem de erro do estudo \u00e9 de dois pontos percentuais para mais ou para menos. Em uma simula\u00e7\u00e3o de segundo turno, Ciro Gomes teria 53,4% contra 44,8% de Elmano de Freitas.<\/p>\n\n\n\n<p class=\"wp-block-paragraph\">A pesquisa aponta que a aus\u00eancia do senador Eduardo Gir\u00e3o (Novo), que figurava em levantamento anterior com 4,8% das inten\u00e7\u00f5es de voto, influenciou a distribui\u00e7\u00e3o dos votos. An\u00e1lises indicam que parte desse eleitorado pode ter migrado para Ciro Gomes, que teve um aumento nas inten\u00e7\u00f5es de voto em compara\u00e7\u00e3o com a pesquisa anterior. Elmano de Freitas manteve um patamar similar ao registrado anteriormente.<\/p>\n\n\n\n<p class=\"wp-block-paragraph\">Outros nomes que pontuaram na pesquisa estimulada incluem Delegado Huggo (Miss\u00e3o) com 2,8% e Pedro Brito (Novo) com 0,8%. Conforme reportado, Pedro Brito retirou sua pr\u00e9-candidatura, sendo substitu\u00eddo por Vera L\u00facia (Novo), cujo nome n\u00e3o foi inclu\u00eddo neste levantamento. Candidatos como Serley Leal (UP), Danilo Soares (Democrata) e Z\u00e9 Batista (PSTU) n\u00e3o atingiram 1% das inten\u00e7\u00f5es de voto. Votos brancos e nulos somam 1,6%, e 0,9% dos entrevistados n\u00e3o souberam responder.<\/p>\n\n\n\n<p class=\"wp-block-paragraph\">A pesquisa AtlasIntel foi realizada entre os dias 6 e 11 de agosto, ouvindo 1.774 eleitores cearenses com a metodologia de Recrutamento Digital Aleat\u00f3rio. O levantamento possui um n\u00edvel de confian\u00e7a de 95% e est\u00e1 registrado no Tribunal Superior Eleitoral (TSE) sob o n\u00famero CE-02777\/2026.<\/p>\n\n\n\n<figure class=\"wp-block-image size-large\"><img loading=\"lazy\" decoding=\"async\" width=\"1024\" height=\"576\" src=\"https:\/\/blogdorogeriogomes.com.br\/noticias\/wp-content\/uploads\/2026\/08\/image-2-1024x576.webp\" alt=\"\" class=\"wp-image-41696\" srcset=\"https:\/\/blogdorogeriogomes.com.br\/noticias\/wp-content\/uploads\/2026\/08\/image-2-1024x576.webp 1024w, https:\/\/blogdorogeriogomes.com.br\/noticias\/wp-content\/uploads\/2026\/08\/image-2-300x169.webp 300w, https:\/\/blogdorogeriogomes.com.br\/noticias\/wp-content\/uploads\/2026\/08\/image-2-768x432.webp 768w, https:\/\/blogdorogeriogomes.com.br\/noticias\/wp-content\/uploads\/2026\/08\/image-2-1536x864.webp 1536w, https:\/\/blogdorogeriogomes.com.br\/noticias\/wp-content\/uploads\/2026\/08\/image-2-800x450.webp 800w, https:\/\/blogdorogeriogomes.com.br\/noticias\/wp-content\/uploads\/2026\/08\/image-2.webp 1600w\" sizes=\"auto, (max-width: 1024px) 100vw, 1024px\" \/><\/figure>\n","protected":false},"excerpt":{"rendered":"<p>Uma pesquisa AtlasIntel, divulgada nesta quarta-feira, dia 12 de agosto, apresenta novos n\u00fameros na disputa pelo Governo do Cear\u00e1. E sem a participa\u00e7\u00e3o do senador Eduardo Gir\u00e3o (Novo), que desistiu da disputa para concorrer como vice na chapa do presidenci\u00e1vel Romeu Zema (Novo). De acordo com os dados apresentados, o ex-ministro Ciro Gomes (PSDB) aparece com 49,3% das inten\u00e7\u00f5es de voto no cen\u00e1rio estimulado, enquanto o atual governador Elmano de Freitas (PT) registra 44,6%. A pesquisa indica uma diferen\u00e7a&hellip;<\/p>\n","protected":false},"author":1,"featured_media":41696,"comment_status":"open","ping_status":"open","sticky":false,"template":"","format":"standard","meta":{"footnotes":""},"categories":[1],"tags":[],"class_list":["post-41695","post","type-post","status-publish","format-standard","has-post-thumbnail","hentry","category-noticias"],"_links":{"self":[{"href":"https:\/\/blogdorogeriogomes.com.br\/noticias\/wp-json\/wp\/v2\/posts\/41695","targetHints":{"allow":["GET"]}}],"collection":[{"href":"https:\/\/blogdorogeriogomes.com.br\/noticias\/wp-json\/wp\/v2\/posts"}],"about":[{"href":"https:\/\/blogdorogeriogomes.com.br\/noticias\/wp-json\/wp\/v2\/types\/post"}],"author":[{"embeddable":true,"href":"https:\/\/blogdorogeriogomes.com.br\/noticias\/wp-json\/wp\/v2\/users\/1"}],"replies":[{"embeddable":true,"href":"https:\/\/blogdorogeriogomes.com.br\/noticias\/wp-json\/wp\/v2\/comments?post=41695"}],"version-history":[{"count":1,"href":"https:\/\/blogdorogeriogomes.com.br\/noticias\/wp-json\/wp\/v2\/posts\/41695\/revisions"}],"predecessor-version":[{"id":41697,"href":"https:\/\/blogdorogeriogomes.com.br\/noticias\/wp-json\/wp\/v2\/posts\/41695\/revisions\/41697"}],"wp:featuredmedia":[{"embeddable":true,"href":"https:\/\/blogdorogeriogomes.com.br\/noticias\/wp-json\/wp\/v2\/media\/41696"}],"wp:attachment":[{"href":"https:\/\/blogdorogeriogomes.com.br\/noticias\/wp-json\/wp\/v2\/media?parent=41695"}],"wp:term":[{"taxonomy":"category","embeddable":true,"href":"https:\/\/blogdorogeriogomes.com.br\/noticias\/wp-json\/wp\/v2\/categories?post=41695"},{"taxonomy":"post_tag","embeddable":true,"href":"https:\/\/blogdorogeriogomes.com.br\/noticias\/wp-json\/wp\/v2\/tags?post=41695"}],"curies":[{"name":"wp","href":"https:\/\/api.w.org\/{rel}","templated":true}]}}