{"id":41698,"date":"2026-08-13T09:56:26","date_gmt":"2026-08-13T09:56:26","guid":{"rendered":"https:\/\/blogdorogeriogomes.com.br\/noticias\/?p=41698"},"modified":"2026-08-13T09:56:26","modified_gmt":"2026-08-13T09:56:26","slug":"luizianne-lins-e-cid-gomes-aparecem-na-lideranca-pela-disputa-no-senado-na-atlasintel-capitao-wagner-e-terceiro","status":"publish","type":"post","link":"https:\/\/blogdorogeriogomes.com.br\/noticias\/2026\/08\/luizianne-lins-e-cid-gomes-aparecem-na-lideranca-pela-disputa-no-senado-na-atlasintel-capitao-wagner-e-terceiro\/","title":{"rendered":"Luizianne Lins e Cid Gomes aparecem na lideran\u00e7a pela disputa no Senado na AtlasIntel. Capit\u00e3o Wagner \u00e9 terceiro"},"content":{"rendered":"\n<p class=\"wp-block-paragraph\">Nova pesquisa AtlasIntel divulgada nesta quarta-feira, dia 12 de agosto, apontou o cen\u00e1rio no Cear\u00e1 para a disputa pelas duas vagas no Senado. Tr\u00eas candidatos se destacam no levantamento. Luizianne Lins (Rede) tem 27,5%, seguida pelo senador Cid Gomes (PSB) com 27,2%, e por Capit\u00e3o Wagner (Uni\u00e3o) com 24,9%. Como a margem de erro \u00e9 de dois pontos percentuais, h\u00e1 um empate t\u00e9cnico entre os tr\u00eas candidatos.<\/p>\n\n\n\n<p class=\"wp-block-paragraph\">O deputado estadual Alcides Fernandes (PL) aparece em quarto lugar com 18,2% da prefer\u00eancia. Os demais postulantes s\u00e3o General Theophilo (Novo) que tem 1,3%, Catarina Matos (UP) marca 0,4%, e Reginaldo Ferreira (PSTU) fica com 0,4%.<\/p>\n\n\n\n<p class=\"wp-block-paragraph\">A AtlasIntel\/Focus entrevistou 1.774 eleitores do Cear\u00e1, entre os dias 6 e 11 de agosto, por meio de recrutamento digital. A margem de erro do levantamento \u00e9 de dois pontos percentuais, para mais ou para menos, com intervalo de confian\u00e7a de 95%.<\/p>\n\n\n\n<figure class=\"wp-block-image size-large\"><img loading=\"lazy\" decoding=\"async\" width=\"768\" height=\"1024\" src=\"https:\/\/blogdorogeriogomes.com.br\/noticias\/wp-content\/uploads\/2026\/08\/luizianne-e-cid-gomes-1-768x1024.webp\" alt=\"\" class=\"wp-image-41699\" srcset=\"https:\/\/blogdorogeriogomes.com.br\/noticias\/wp-content\/uploads\/2026\/08\/luizianne-e-cid-gomes-1-768x1024.webp 768w, https:\/\/blogdorogeriogomes.com.br\/noticias\/wp-content\/uploads\/2026\/08\/luizianne-e-cid-gomes-1-225x300.webp 225w, https:\/\/blogdorogeriogomes.com.br\/noticias\/wp-content\/uploads\/2026\/08\/luizianne-e-cid-gomes-1-800x1067.webp 800w, https:\/\/blogdorogeriogomes.com.br\/noticias\/wp-content\/uploads\/2026\/08\/luizianne-e-cid-gomes-1.webp 1080w\" sizes=\"auto, (max-width: 768px) 100vw, 768px\" \/><\/figure>\n","protected":false},"excerpt":{"rendered":"<p>Nova pesquisa AtlasIntel divulgada nesta quarta-feira, dia 12 de agosto, apontou o cen\u00e1rio no Cear\u00e1 para a disputa pelas duas vagas no Senado. Tr\u00eas candidatos se destacam no levantamento. Luizianne Lins (Rede) tem 27,5%, seguida pelo senador Cid Gomes (PSB) com 27,2%, e por Capit\u00e3o Wagner (Uni\u00e3o) com 24,9%. Como a margem de erro \u00e9 de dois pontos percentuais, h\u00e1 um empate t\u00e9cnico entre os tr\u00eas candidatos. O deputado estadual Alcides Fernandes (PL) aparece em quarto lugar com 18,2%&hellip;<\/p>\n","protected":false},"author":1,"featured_media":41699,"comment_status":"open","ping_status":"open","sticky":false,"template":"","format":"standard","meta":{"footnotes":""},"categories":[1],"tags":[],"class_list":["post-41698","post","type-post","status-publish","format-standard","has-post-thumbnail","hentry","category-noticias"],"_links":{"self":[{"href":"https:\/\/blogdorogeriogomes.com.br\/noticias\/wp-json\/wp\/v2\/posts\/41698","targetHints":{"allow":["GET"]}}],"collection":[{"href":"https:\/\/blogdorogeriogomes.com.br\/noticias\/wp-json\/wp\/v2\/posts"}],"about":[{"href":"https:\/\/blogdorogeriogomes.com.br\/noticias\/wp-json\/wp\/v2\/types\/post"}],"author":[{"embeddable":true,"href":"https:\/\/blogdorogeriogomes.com.br\/noticias\/wp-json\/wp\/v2\/users\/1"}],"replies":[{"embeddable":true,"href":"https:\/\/blogdorogeriogomes.com.br\/noticias\/wp-json\/wp\/v2\/comments?post=41698"}],"version-history":[{"count":1,"href":"https:\/\/blogdorogeriogomes.com.br\/noticias\/wp-json\/wp\/v2\/posts\/41698\/revisions"}],"predecessor-version":[{"id":41700,"href":"https:\/\/blogdorogeriogomes.com.br\/noticias\/wp-json\/wp\/v2\/posts\/41698\/revisions\/41700"}],"wp:featuredmedia":[{"embeddable":true,"href":"https:\/\/blogdorogeriogomes.com.br\/noticias\/wp-json\/wp\/v2\/media\/41699"}],"wp:attachment":[{"href":"https:\/\/blogdorogeriogomes.com.br\/noticias\/wp-json\/wp\/v2\/media?parent=41698"}],"wp:term":[{"taxonomy":"category","embeddable":true,"href":"https:\/\/blogdorogeriogomes.com.br\/noticias\/wp-json\/wp\/v2\/categories?post=41698"},{"taxonomy":"post_tag","embeddable":true,"href":"https:\/\/blogdorogeriogomes.com.br\/noticias\/wp-json\/wp\/v2\/tags?post=41698"}],"curies":[{"name":"wp","href":"https:\/\/api.w.org\/{rel}","templated":true}]}}