{"id":41701,"date":"2026-08-13T10:31:09","date_gmt":"2026-08-13T10:31:09","guid":{"rendered":"https:\/\/blogdorogeriogomes.com.br\/noticias\/?p=41701"},"modified":"2026-08-13T10:31:10","modified_gmt":"2026-08-13T10:31:10","slug":"ceara-avanca-na-saude-e-aplica-mais-de-114-mil-doses-na-campanha-de-multivacinacao","status":"publish","type":"post","link":"https:\/\/blogdorogeriogomes.com.br\/noticias\/2026\/08\/ceara-avanca-na-saude-e-aplica-mais-de-114-mil-doses-na-campanha-de-multivacinacao\/","title":{"rendered":"Cear\u00e1 avan\u00e7a na sa\u00fade e aplica mais de 114 mil doses na Campanha de Multivacina\u00e7\u00e3o"},"content":{"rendered":"\n<p class=\"wp-block-paragraph\">O Cear\u00e1 alcan\u00e7ou a marca de 114 mil doses de vacinas aplicadas durante a Campanha de Multivacina\u00e7\u00e3o 2026. A mobiliza\u00e7\u00e3o, coordenada pela Secretaria da Sa\u00fade do Estado (Sesa), j\u00e1 atendeu mais de 64 mil pessoas com o objetivo de atualizar a caderneta de vacina\u00e7\u00e3o de crian\u00e7as e adolescentes menores de 15 anos. Ao todo, os 184 munic\u00edpios cearenses receberam um refor\u00e7o de mais de 676 mil doses para garantir o abastecimento de todas as salas de imuniza\u00e7\u00e3o.<\/p>\n\n\n\n<p class=\"wp-block-paragraph\">A campanha de 2026 traz atualiza\u00e7\u00f5es importantes enviadas pelo Minist\u00e9rio da Sa\u00fade. Em rela\u00e7\u00e3o ao combate \u00e0 Poliomielite, houve inclus\u00e3o de um segundo refor\u00e7o aos 4 anos de idade utilizando exclusivamente a Vacina Inativada Poliomielite (VIP), que \u00e9 injet\u00e1vel, substituindo a vers\u00e3o oral e aumentando o n\u00edvel de prote\u00e7\u00e3o.<\/p>\n\n\n\n<p class=\"wp-block-paragraph\">Tamb\u00e9m foi feita a introdu\u00e7\u00e3o da vacina Pneumo 20 no portf\u00f3lio de atendimento, atualiza\u00e7\u00e3o de doses contra Dengue (10 a 14 anos), HPV, Covid-19, Sarampo, Meningite e Febre Amarela.<\/p>\n\n\n\n<p class=\"wp-block-paragraph\">A mobiliza\u00e7\u00e3o nacional segue ativa com pontos estrat\u00e9gicos de atendimento em todo o Cear\u00e1. O per\u00edodo da campanha vai at\u00e9 o dia 1\u00ba de setembro. O Dia D de Mobiliza\u00e7\u00e3o est\u00e1 programado para s\u00e1bado, dia 22 de agosto, com postos abertos em regime especial. Os locais de atendimento ser\u00e3o mais de 2,5 mil salas de vacina\u00e7\u00e3o em postos de sa\u00fade de todo o Cear\u00e1. Em Fortaleza, h\u00e1 pontos extras nas unidades do Vapt Vupt (Ant\u00f4nio Bezerra, Messejana, RioMar Papicu e Parangaba) de segunda a sexta-feira, das 8h \u00e0s 17h.<\/p>\n\n\n\n<p class=\"wp-block-paragraph\">Para receber a imuniza\u00e7\u00e3o basta apresentar documento de identifica\u00e7\u00e3o com foto (preferencialmente CPF), cart\u00e3o de vacina\u00e7\u00e3o f\u00edsico ou consulta pela caderneta digital no aplicativo Meu SUS Digital.<\/p>\n\n\n\n<figure class=\"wp-block-image size-full\"><img loading=\"lazy\" decoding=\"async\" width=\"678\" height=\"452\" src=\"https:\/\/blogdorogeriogomes.com.br\/noticias\/wp-content\/uploads\/2026\/08\/images-6.jpeg\" alt=\"\" class=\"wp-image-41702\" srcset=\"https:\/\/blogdorogeriogomes.com.br\/noticias\/wp-content\/uploads\/2026\/08\/images-6.jpeg 678w, https:\/\/blogdorogeriogomes.com.br\/noticias\/wp-content\/uploads\/2026\/08\/images-6-300x200.jpeg 300w\" sizes=\"auto, (max-width: 678px) 100vw, 678px\" \/><\/figure>\n","protected":false},"excerpt":{"rendered":"<p>O Cear\u00e1 alcan\u00e7ou a marca de 114 mil doses de vacinas aplicadas durante a Campanha de Multivacina\u00e7\u00e3o 2026. A mobiliza\u00e7\u00e3o, coordenada pela Secretaria da Sa\u00fade do Estado (Sesa), j\u00e1 atendeu mais de 64 mil pessoas com o objetivo de atualizar a caderneta de vacina\u00e7\u00e3o de crian\u00e7as e adolescentes menores de 15 anos. Ao todo, os 184 munic\u00edpios cearenses receberam um refor\u00e7o de mais de 676 mil doses para garantir o abastecimento de todas as salas de imuniza\u00e7\u00e3o. A campanha&hellip;<\/p>\n","protected":false},"author":1,"featured_media":41702,"comment_status":"open","ping_status":"open","sticky":false,"template":"","format":"standard","meta":{"footnotes":""},"categories":[1],"tags":[],"class_list":["post-41701","post","type-post","status-publish","format-standard","has-post-thumbnail","hentry","category-noticias"],"_links":{"self":[{"href":"https:\/\/blogdorogeriogomes.com.br\/noticias\/wp-json\/wp\/v2\/posts\/41701","targetHints":{"allow":["GET"]}}],"collection":[{"href":"https:\/\/blogdorogeriogomes.com.br\/noticias\/wp-json\/wp\/v2\/posts"}],"about":[{"href":"https:\/\/blogdorogeriogomes.com.br\/noticias\/wp-json\/wp\/v2\/types\/post"}],"author":[{"embeddable":true,"href":"https:\/\/blogdorogeriogomes.com.br\/noticias\/wp-json\/wp\/v2\/users\/1"}],"replies":[{"embeddable":true,"href":"https:\/\/blogdorogeriogomes.com.br\/noticias\/wp-json\/wp\/v2\/comments?post=41701"}],"version-history":[{"count":1,"href":"https:\/\/blogdorogeriogomes.com.br\/noticias\/wp-json\/wp\/v2\/posts\/41701\/revisions"}],"predecessor-version":[{"id":41703,"href":"https:\/\/blogdorogeriogomes.com.br\/noticias\/wp-json\/wp\/v2\/posts\/41701\/revisions\/41703"}],"wp:featuredmedia":[{"embeddable":true,"href":"https:\/\/blogdorogeriogomes.com.br\/noticias\/wp-json\/wp\/v2\/media\/41702"}],"wp:attachment":[{"href":"https:\/\/blogdorogeriogomes.com.br\/noticias\/wp-json\/wp\/v2\/media?parent=41701"}],"wp:term":[{"taxonomy":"category","embeddable":true,"href":"https:\/\/blogdorogeriogomes.com.br\/noticias\/wp-json\/wp\/v2\/categories?post=41701"},{"taxonomy":"post_tag","embeddable":true,"href":"https:\/\/blogdorogeriogomes.com.br\/noticias\/wp-json\/wp\/v2\/tags?post=41701"}],"curies":[{"name":"wp","href":"https:\/\/api.w.org\/{rel}","templated":true}]}}