{"id":41708,"date":"2026-08-14T00:49:43","date_gmt":"2026-08-14T00:49:43","guid":{"rendered":"https:\/\/blogdorogeriogomes.com.br\/noticias\/?p=41708"},"modified":"2026-08-14T00:49:43","modified_gmt":"2026-08-14T00:49:43","slug":"brasil-reage-a-tarifaco-de-donald-trump-e-abre-processo-de-reciprocidade-contra-os-eua","status":"publish","type":"post","link":"https:\/\/blogdorogeriogomes.com.br\/noticias\/2026\/08\/brasil-reage-a-tarifaco-de-donald-trump-e-abre-processo-de-reciprocidade-contra-os-eua\/","title":{"rendered":"Brasil reage a tarifa\u00e7o de Donald Trump e abre processo de reciprocidade contra os EUA"},"content":{"rendered":"\n<p class=\"wp-block-paragraph\">O governo brasileiro anunciou oficialmente a abertura de um processo formal para aplicar a Lei de Reciprocidade Econ\u00f4mica contra as sobretaxas impostas pelos Estados Unidos. A medida marca um endurecimento diplom\u00e1tico de Bras\u00edlia diante das barreiras comerciais aplicadas por Washington, iniciando uma an\u00e1lise t\u00e9cnica que pode resultar em contramedidas tarif\u00e1rias proporcionais.<\/p>\n\n\n\n<p class=\"wp-block-paragraph\">O Minist\u00e9rio das Rela\u00e7\u00f5es Exteriores come\u00e7ou a notificar o governo norte-americano sobre o in\u00edcio dos tr\u00e2mites legais. De acordo com notas emitidas pela Secretaria de Comunica\u00e7\u00e3o Social (Secom) e pela C\u00e2mara de Com\u00e9rcio Exterior (Camex), o Brasil solicitou a realiza\u00e7\u00e3o de consultas diplom\u00e1ticas bilaterais. O objetivo do Itamaraty \u00e9 esgotar as vias de di\u00e1logo para tentar mitigar ou anular os impactos econ\u00f4micos antes de aplicar qualquer retalia\u00e7\u00e3o direta. <\/p>\n\n\n\n<p class=\"wp-block-paragraph\">Em paralelo, o pa\u00eds mant\u00e9m discuss\u00f5es ativas no sistema de solu\u00e7\u00e3o de controv\u00e9rsias da Organiza\u00e7\u00e3o Mundial do Com\u00e9rcio (OMC). O Impacto do Tarifa\u00e7o Norte-AmericanoA rea\u00e7\u00e3o de Bras\u00edlia ocorre ap\u00f3s a gest\u00e3o de Donald Trump impor duas frentes de taxa\u00e7\u00e3o que prejudicam diretamente as exporta\u00e7\u00f5es brasileiras, como sobretaxa de 25% baseada na Se\u00e7\u00e3o 301 da Lei de Com\u00e9rcio dos EUA sob a alega\u00e7\u00e3o de supostas pr\u00e1ticas comerciais desleais; tarifa Adicional de 12,5% aplicada sob a justificativa de supostas falhas na fiscaliza\u00e7\u00e3o contra o trabalho for\u00e7ado; al\u00e9m do ac\u00famulo de Al\u00edquotas em determinados setores industriais e manufaturados, onde as taxas somadas chegam a atingir 37,5% do valor do produto.<\/p>\n\n\n\n<p class=\"wp-block-paragraph\">O governo brasileiro classificou publicamente as medidas de Washington como &#8220;injustificadas e arbitr\u00e1rias&#8221;. Documentos enviados ao Escrit\u00f3rio do Representante Comercial dos EUA (USTR) j\u00e1 haviam refutado as acusa\u00e7\u00f5es norte-americanas antes da implementa\u00e7\u00e3o das taxas.<\/p>\n\n\n\n<p class=\"wp-block-paragraph\">Segundo informa\u00e7\u00f5es do portal G1, a ativa\u00e7\u00e3o do processo n\u00e3o se traduz em barreiras imediatas aos produtos norte-americanos. O rito serve para analisar juridicamente o enquadramento do preju\u00edzo econ\u00f4mico do pa\u00eds com base na Lei n\u00ba 15.122\/2025. Se as negocia\u00e7\u00f5es diplom\u00e1ticas fracassarem, o Brasil ganha o respaldo legal para adotar as seguintes san\u00e7\u00f5es: Imposi\u00e7\u00e3o de novos tributos ou taxas alfandeg\u00e1rias direcionadas, suspens\u00e3o de isen\u00e7\u00f5es tarif\u00e1rias vigentes para importa\u00e7\u00f5es vindas dos EUA, restri\u00e7\u00f5es quantitativas \u00e0 entrada de bens e servi\u00e7os espec\u00edficos e suspens\u00e3o de concess\u00f5es comerciais na mesma propor\u00e7\u00e3o do preju\u00edzo gerado ao PIB nacional.<\/p>\n\n\n\n<p class=\"wp-block-paragraph\">Como salvaguarda interna, o Pal\u00e1cio do Planalto continuar\u00e1 operando o Plano Brasil Soberano, direcionando recursos e linhas de cr\u00e9dito para dar suporte financeiro e preservar os empregos nos setores nacionais afetados pelo recrudescimento do com\u00e9rcio internacional.<\/p>\n\n\n\n<figure class=\"wp-block-image size-large\"><img loading=\"lazy\" decoding=\"async\" width=\"1024\" height=\"576\" src=\"https:\/\/blogdorogeriogomes.com.br\/noticias\/wp-content\/uploads\/2026\/08\/Presidente-Luiz-Inacio-Lula-da-Silva-durante-reuniao-com-presidente-dos-EUA-Donald-Trump-em-Kuala-Lumpur-na-Malasia-26102025-e1764695635839-1024x576.jpg\" alt=\"\" class=\"wp-image-41709\" srcset=\"https:\/\/blogdorogeriogomes.com.br\/noticias\/wp-content\/uploads\/2026\/08\/Presidente-Luiz-Inacio-Lula-da-Silva-durante-reuniao-com-presidente-dos-EUA-Donald-Trump-em-Kuala-Lumpur-na-Malasia-26102025-e1764695635839-1024x576.jpg 1024w, https:\/\/blogdorogeriogomes.com.br\/noticias\/wp-content\/uploads\/2026\/08\/Presidente-Luiz-Inacio-Lula-da-Silva-durante-reuniao-com-presidente-dos-EUA-Donald-Trump-em-Kuala-Lumpur-na-Malasia-26102025-e1764695635839-300x169.jpg 300w, https:\/\/blogdorogeriogomes.com.br\/noticias\/wp-content\/uploads\/2026\/08\/Presidente-Luiz-Inacio-Lula-da-Silva-durante-reuniao-com-presidente-dos-EUA-Donald-Trump-em-Kuala-Lumpur-na-Malasia-26102025-e1764695635839-768x432.jpg 768w, https:\/\/blogdorogeriogomes.com.br\/noticias\/wp-content\/uploads\/2026\/08\/Presidente-Luiz-Inacio-Lula-da-Silva-durante-reuniao-com-presidente-dos-EUA-Donald-Trump-em-Kuala-Lumpur-na-Malasia-26102025-e1764695635839-800x450.jpg 800w, https:\/\/blogdorogeriogomes.com.br\/noticias\/wp-content\/uploads\/2026\/08\/Presidente-Luiz-Inacio-Lula-da-Silva-durante-reuniao-com-presidente-dos-EUA-Donald-Trump-em-Kuala-Lumpur-na-Malasia-26102025-e1764695635839.jpg 1200w\" sizes=\"auto, (max-width: 1024px) 100vw, 1024px\" \/><\/figure>\n","protected":false},"excerpt":{"rendered":"<p>O governo brasileiro anunciou oficialmente a abertura de um processo formal para aplicar a Lei de Reciprocidade Econ\u00f4mica contra as sobretaxas impostas pelos Estados Unidos. A medida marca um endurecimento diplom\u00e1tico de Bras\u00edlia diante das barreiras comerciais aplicadas por Washington, iniciando uma an\u00e1lise t\u00e9cnica que pode resultar em contramedidas tarif\u00e1rias proporcionais. O Minist\u00e9rio das Rela\u00e7\u00f5es Exteriores come\u00e7ou a notificar o governo norte-americano sobre o in\u00edcio dos tr\u00e2mites legais. De acordo com notas emitidas pela Secretaria de Comunica\u00e7\u00e3o Social (Secom)&hellip;<\/p>\n","protected":false},"author":1,"featured_media":41709,"comment_status":"open","ping_status":"open","sticky":false,"template":"","format":"standard","meta":{"footnotes":""},"categories":[1],"tags":[],"class_list":["post-41708","post","type-post","status-publish","format-standard","has-post-thumbnail","hentry","category-noticias"],"_links":{"self":[{"href":"https:\/\/blogdorogeriogomes.com.br\/noticias\/wp-json\/wp\/v2\/posts\/41708","targetHints":{"allow":["GET"]}}],"collection":[{"href":"https:\/\/blogdorogeriogomes.com.br\/noticias\/wp-json\/wp\/v2\/posts"}],"about":[{"href":"https:\/\/blogdorogeriogomes.com.br\/noticias\/wp-json\/wp\/v2\/types\/post"}],"author":[{"embeddable":true,"href":"https:\/\/blogdorogeriogomes.com.br\/noticias\/wp-json\/wp\/v2\/users\/1"}],"replies":[{"embeddable":true,"href":"https:\/\/blogdorogeriogomes.com.br\/noticias\/wp-json\/wp\/v2\/comments?post=41708"}],"version-history":[{"count":1,"href":"https:\/\/blogdorogeriogomes.com.br\/noticias\/wp-json\/wp\/v2\/posts\/41708\/revisions"}],"predecessor-version":[{"id":41710,"href":"https:\/\/blogdorogeriogomes.com.br\/noticias\/wp-json\/wp\/v2\/posts\/41708\/revisions\/41710"}],"wp:featuredmedia":[{"embeddable":true,"href":"https:\/\/blogdorogeriogomes.com.br\/noticias\/wp-json\/wp\/v2\/media\/41709"}],"wp:attachment":[{"href":"https:\/\/blogdorogeriogomes.com.br\/noticias\/wp-json\/wp\/v2\/media?parent=41708"}],"wp:term":[{"taxonomy":"category","embeddable":true,"href":"https:\/\/blogdorogeriogomes.com.br\/noticias\/wp-json\/wp\/v2\/categories?post=41708"},{"taxonomy":"post_tag","embeddable":true,"href":"https:\/\/blogdorogeriogomes.com.br\/noticias\/wp-json\/wp\/v2\/tags?post=41708"}],"curies":[{"name":"wp","href":"https:\/\/api.w.org\/{rel}","templated":true}]}}