{"id":41711,"date":"2026-08-14T11:06:23","date_gmt":"2026-08-14T11:06:23","guid":{"rendered":"https:\/\/blogdorogeriogomes.com.br\/noticias\/?p=41711"},"modified":"2026-08-14T11:54:50","modified_gmt":"2026-08-14T11:54:50","slug":"eleicoes-de-outubro-tambem-terao-impacto-na-camara-municipal-de-fortaleza-com-cerca-de-21-vereadores-concorrendo-no-pleito","status":"publish","type":"post","link":"https:\/\/blogdorogeriogomes.com.br\/noticias\/2026\/08\/eleicoes-de-outubro-tambem-terao-impacto-na-camara-municipal-de-fortaleza-com-cerca-de-21-vereadores-concorrendo-no-pleito\/","title":{"rendered":"Elei\u00e7\u00f5es de outubro tamb\u00e9m ter\u00e3o impacto na C\u00e2mara Municipal de Fortaleza com cerca de 21 vereadores concorrendo no pleito"},"content":{"rendered":"\n<p class=\"wp-block-paragraph\">As elei\u00e7\u00f5es deste ano v\u00e3o contar com a participa\u00e7\u00e3o de pelo menos 21 vereadores da C\u00e2mara Municipal de Fortaleza (CMFor). Quem vai para o pleito busca vagas na Assembleia Legislativa do Cear\u00e1 (Alece) e na C\u00e2mara dos Deputados, em Bras\u00edlia. De acordo com informa\u00e7\u00f5es ap\u00f3s o per\u00edodo de conven\u00e7\u00f5es partid\u00e1rias, 21 dos 43 vereadores titulares do Legislativo Municipal foram indicados por seus partidos para concorrer a esses cargos. <\/p>\n\n\n\n<p class=\"wp-block-paragraph\">Os partidos com candidatos da CMFor incluem:<\/p>\n\n\n\n<ul class=\"wp-block-list\">\n<li><strong>Republicanos<\/strong>: Apresenta candidatos tanto para deputado federal (Ronaldo Martins, Michel Lins e Benigno Junior) quanto para deputado estadual (Gardel Rolim e M\u00e1rcio Martins).<\/li>\n\n\n\n<li><strong>Partido Liberal (PL)<\/strong>: Ter\u00e1 candidatos a deputado federal (PP Cell, Julierme Sena e Pedro Matos) e a deputada estadual (Bella Carmelo).<\/li>\n\n\n\n<li><strong>Partido Democr\u00e1tico Trabalhista (PDT)<\/strong>: Lan\u00e7ou candidatos a deputado federal (Adail Jr e K\u00e1tia Rodrigues).<\/li>\n\n\n\n<li><strong>Partido Social Democr\u00e1tico (PSD)<\/strong>: Concentra suas candidaturas em deputado estadual (Erich Douglas e Apollo Vicz).<\/li>\n\n\n\n<li><strong>Partido Socialismo e Liberdade (Psol)<\/strong>: Apresenta candidaturas para deputada federal (Adriana Ger\u00f4nimo) e deputado estadual (Gabriel Aguiar). <\/li>\n\n\n\n<li><strong>Partido dos Trabalhadores (PT)<\/strong>: Ter\u00e1 a vereadora Adriana Almeida como candidata a deputada estadual.<\/li>\n\n\n\n<li><strong>Partido da Social Democracia Brasileira (PSDB)<\/strong>: Ser\u00e1 representado pelo vereador Jorge Pinheiro, candidato a deputado estadual.<\/li>\n<\/ul>\n\n\n\n<figure class=\"wp-block-image size-full\"><img loading=\"lazy\" decoding=\"async\" width=\"799\" height=\"533\" src=\"https:\/\/blogdorogeriogomes.com.br\/noticias\/wp-content\/uploads\/2026\/08\/55459111686_6248f4f622_c.webp\" alt=\"\" class=\"wp-image-41712\" srcset=\"https:\/\/blogdorogeriogomes.com.br\/noticias\/wp-content\/uploads\/2026\/08\/55459111686_6248f4f622_c.webp 799w, https:\/\/blogdorogeriogomes.com.br\/noticias\/wp-content\/uploads\/2026\/08\/55459111686_6248f4f622_c-300x200.webp 300w, https:\/\/blogdorogeriogomes.com.br\/noticias\/wp-content\/uploads\/2026\/08\/55459111686_6248f4f622_c-768x512.webp 768w\" sizes=\"auto, (max-width: 799px) 100vw, 799px\" \/><\/figure>\n","protected":false},"excerpt":{"rendered":"<p>As elei\u00e7\u00f5es deste ano v\u00e3o contar com a participa\u00e7\u00e3o de pelo menos 21 vereadores da C\u00e2mara Municipal de Fortaleza (CMFor). Quem vai para o pleito busca vagas na Assembleia Legislativa do Cear\u00e1 (Alece) e na C\u00e2mara dos Deputados, em Bras\u00edlia. De acordo com informa\u00e7\u00f5es ap\u00f3s o per\u00edodo de conven\u00e7\u00f5es partid\u00e1rias, 21 dos 43 vereadores titulares do Legislativo Municipal foram indicados por seus partidos para concorrer a esses cargos. Os partidos com candidatos da CMFor incluem:<\/p>\n","protected":false},"author":1,"featured_media":41712,"comment_status":"open","ping_status":"open","sticky":false,"template":"","format":"standard","meta":{"footnotes":""},"categories":[1],"tags":[],"class_list":["post-41711","post","type-post","status-publish","format-standard","has-post-thumbnail","hentry","category-noticias"],"_links":{"self":[{"href":"https:\/\/blogdorogeriogomes.com.br\/noticias\/wp-json\/wp\/v2\/posts\/41711","targetHints":{"allow":["GET"]}}],"collection":[{"href":"https:\/\/blogdorogeriogomes.com.br\/noticias\/wp-json\/wp\/v2\/posts"}],"about":[{"href":"https:\/\/blogdorogeriogomes.com.br\/noticias\/wp-json\/wp\/v2\/types\/post"}],"author":[{"embeddable":true,"href":"https:\/\/blogdorogeriogomes.com.br\/noticias\/wp-json\/wp\/v2\/users\/1"}],"replies":[{"embeddable":true,"href":"https:\/\/blogdorogeriogomes.com.br\/noticias\/wp-json\/wp\/v2\/comments?post=41711"}],"version-history":[{"count":2,"href":"https:\/\/blogdorogeriogomes.com.br\/noticias\/wp-json\/wp\/v2\/posts\/41711\/revisions"}],"predecessor-version":[{"id":41720,"href":"https:\/\/blogdorogeriogomes.com.br\/noticias\/wp-json\/wp\/v2\/posts\/41711\/revisions\/41720"}],"wp:featuredmedia":[{"embeddable":true,"href":"https:\/\/blogdorogeriogomes.com.br\/noticias\/wp-json\/wp\/v2\/media\/41712"}],"wp:attachment":[{"href":"https:\/\/blogdorogeriogomes.com.br\/noticias\/wp-json\/wp\/v2\/media?parent=41711"}],"wp:term":[{"taxonomy":"category","embeddable":true,"href":"https:\/\/blogdorogeriogomes.com.br\/noticias\/wp-json\/wp\/v2\/categories?post=41711"},{"taxonomy":"post_tag","embeddable":true,"href":"https:\/\/blogdorogeriogomes.com.br\/noticias\/wp-json\/wp\/v2\/tags?post=41711"}],"curies":[{"name":"wp","href":"https:\/\/api.w.org\/{rel}","templated":true}]}}