{"id":41717,"date":"2026-08-14T11:47:55","date_gmt":"2026-08-14T11:47:55","guid":{"rendered":"https:\/\/blogdorogeriogomes.com.br\/noticias\/?p=41717"},"modified":"2026-08-14T11:47:55","modified_gmt":"2026-08-14T11:47:55","slug":"primeira-locomotiva-da-ferrovia-transnordestina-chega-a-quixeramobim-em-viagem-simbolica-nesta-sexta-feira","status":"publish","type":"post","link":"https:\/\/blogdorogeriogomes.com.br\/noticias\/2026\/08\/primeira-locomotiva-da-ferrovia-transnordestina-chega-a-quixeramobim-em-viagem-simbolica-nesta-sexta-feira\/","title":{"rendered":"Primeira locomotiva da Ferrovia Transnordestina chega a Quixeramobim em viagem simb\u00f3lica nesta sexta-feira"},"content":{"rendered":"\n<p class=\"wp-block-paragraph\">A Ferrovia Transnordestina alcan\u00e7a um novo marco nesta sexta-feira, dia 14 de agosto, com a chegada de sua primeira locomotiva a Quixeramobim, no Sert\u00e3o Central cearense. A viagem tem car\u00e1ter simb\u00f3lico, homenageando os 237 anos do munic\u00edpio, e serve como um preparativo para a opera\u00e7\u00e3o-teste agendada para o pr\u00f3ximo m\u00eas de outubro. <\/p>\n\n\n\n<p class=\"wp-block-paragraph\">Como o trecho ainda n\u00e3o possui licen\u00e7a de opera\u00e7\u00e3o, a composi\u00e7\u00e3o circular\u00e1 sem transportar cargas. O in\u00edcio das atividades comerciais na regi\u00e3o ainda depende da libera\u00e7\u00e3o definitiva do Ibama e da autoriza\u00e7\u00e3o de tr\u00e1fego emitida pela ANTT. Atualmente, a ferrovia j\u00e1 opera testes desde dezembro de 2025 no ramal que conecta Bela Vista do Piau\u00ed (PI) a Iguatu (CE). <\/p>\n\n\n\n<p class=\"wp-block-paragraph\">O cronograma para este ano prev\u00ea a entrega de mais 120 km de trilhos, englobando os lotes entre Quixeramobim, Quixad\u00e1 e Itapi\u00fana, al\u00e9m de um trecho estrat\u00e9gico em dire\u00e7\u00e3o ao Porto do Pec\u00e9m. <\/p>\n\n\n\n<figure class=\"wp-block-image size-full\"><img loading=\"lazy\" decoding=\"async\" width=\"1020\" height=\"573\" src=\"https:\/\/blogdorogeriogomes.com.br\/noticias\/wp-content\/uploads\/2026\/08\/whatsapp-image-2024-01-17-at-19-02-58-1705588037.jpeg\" alt=\"\" class=\"wp-image-41718\" srcset=\"https:\/\/blogdorogeriogomes.com.br\/noticias\/wp-content\/uploads\/2026\/08\/whatsapp-image-2024-01-17-at-19-02-58-1705588037.jpeg 1020w, https:\/\/blogdorogeriogomes.com.br\/noticias\/wp-content\/uploads\/2026\/08\/whatsapp-image-2024-01-17-at-19-02-58-1705588037-300x169.jpeg 300w, https:\/\/blogdorogeriogomes.com.br\/noticias\/wp-content\/uploads\/2026\/08\/whatsapp-image-2024-01-17-at-19-02-58-1705588037-768x431.jpeg 768w, https:\/\/blogdorogeriogomes.com.br\/noticias\/wp-content\/uploads\/2026\/08\/whatsapp-image-2024-01-17-at-19-02-58-1705588037-800x449.jpeg 800w\" sizes=\"auto, (max-width: 1020px) 100vw, 1020px\" \/><\/figure>\n","protected":false},"excerpt":{"rendered":"<p>A Ferrovia Transnordestina alcan\u00e7a um novo marco nesta sexta-feira, dia 14 de agosto, com a chegada de sua primeira locomotiva a Quixeramobim, no Sert\u00e3o Central cearense. A viagem tem car\u00e1ter simb\u00f3lico, homenageando os 237 anos do munic\u00edpio, e serve como um preparativo para a opera\u00e7\u00e3o-teste agendada para o pr\u00f3ximo m\u00eas de outubro. Como o trecho ainda n\u00e3o possui licen\u00e7a de opera\u00e7\u00e3o, a composi\u00e7\u00e3o circular\u00e1 sem transportar cargas. O in\u00edcio das atividades comerciais na regi\u00e3o ainda depende da libera\u00e7\u00e3o definitiva&hellip;<\/p>\n","protected":false},"author":1,"featured_media":41718,"comment_status":"open","ping_status":"open","sticky":false,"template":"","format":"standard","meta":{"footnotes":""},"categories":[1],"tags":[],"class_list":["post-41717","post","type-post","status-publish","format-standard","has-post-thumbnail","hentry","category-noticias"],"_links":{"self":[{"href":"https:\/\/blogdorogeriogomes.com.br\/noticias\/wp-json\/wp\/v2\/posts\/41717","targetHints":{"allow":["GET"]}}],"collection":[{"href":"https:\/\/blogdorogeriogomes.com.br\/noticias\/wp-json\/wp\/v2\/posts"}],"about":[{"href":"https:\/\/blogdorogeriogomes.com.br\/noticias\/wp-json\/wp\/v2\/types\/post"}],"author":[{"embeddable":true,"href":"https:\/\/blogdorogeriogomes.com.br\/noticias\/wp-json\/wp\/v2\/users\/1"}],"replies":[{"embeddable":true,"href":"https:\/\/blogdorogeriogomes.com.br\/noticias\/wp-json\/wp\/v2\/comments?post=41717"}],"version-history":[{"count":1,"href":"https:\/\/blogdorogeriogomes.com.br\/noticias\/wp-json\/wp\/v2\/posts\/41717\/revisions"}],"predecessor-version":[{"id":41719,"href":"https:\/\/blogdorogeriogomes.com.br\/noticias\/wp-json\/wp\/v2\/posts\/41717\/revisions\/41719"}],"wp:featuredmedia":[{"embeddable":true,"href":"https:\/\/blogdorogeriogomes.com.br\/noticias\/wp-json\/wp\/v2\/media\/41718"}],"wp:attachment":[{"href":"https:\/\/blogdorogeriogomes.com.br\/noticias\/wp-json\/wp\/v2\/media?parent=41717"}],"wp:term":[{"taxonomy":"category","embeddable":true,"href":"https:\/\/blogdorogeriogomes.com.br\/noticias\/wp-json\/wp\/v2\/categories?post=41717"},{"taxonomy":"post_tag","embeddable":true,"href":"https:\/\/blogdorogeriogomes.com.br\/noticias\/wp-json\/wp\/v2\/tags?post=41717"}],"curies":[{"name":"wp","href":"https:\/\/api.w.org\/{rel}","templated":true}]}}