{"id":41721,"date":"2026-08-14T12:16:43","date_gmt":"2026-08-14T12:16:43","guid":{"rendered":"https:\/\/blogdorogeriogomes.com.br\/noticias\/?p=41721"},"modified":"2026-08-14T12:16:44","modified_gmt":"2026-08-14T12:16:44","slug":"vice-de-caiado-gilberto-kassab-afirma-que-centrao-esta-com-lula-e-projeta-chance-zero-para-flavio-bolsonaro-na-disputa-presidencial","status":"publish","type":"post","link":"https:\/\/blogdorogeriogomes.com.br\/noticias\/2026\/08\/vice-de-caiado-gilberto-kassab-afirma-que-centrao-esta-com-lula-e-projeta-chance-zero-para-flavio-bolsonaro-na-disputa-presidencial\/","title":{"rendered":"Vice de Caiado, Gilberto Kassab, afirma que Centr\u00e3o est\u00e1 com Lula e projeta &#8220;chance zero&#8221; para Fl\u00e1vio Bolsonaro na disputa presidencial"},"content":{"rendered":"\n<p class=\"wp-block-paragraph\">O cen\u00e1rio das elei\u00e7\u00f5es presidenciais esquenta com a proximidade do in\u00edcio da campanha nas ruas, pr\u00f3ximo domingo,  dia 16 de agosto. E declara\u00e7\u00f5es contundentes de Gilberto Kassab, presidente nacional do PSD e candidato a vice-presidente na chapa liderada por Ronaldo Caiado, esquentam a disputa polarizada entre Lula (PT) e Fl\u00e1vio Bolsonaro (PL). Em um evento fechado com mais de 200 empres\u00e1rios em Higien\u00f3polis, S\u00e3o Paulo, o dirigente partid\u00e1rio recha\u00e7ou a tese de neutralidade das siglas de centro e decretou que o bloco conhecido como Centr\u00e3o j\u00e1 est\u00e1 alinhado com o presidente Luiz In\u00e1cio Lula da Silva na busca pela reelei\u00e7\u00e3o.<\/p>\n\n\n\n<p class=\"wp-block-paragraph\">Al\u00e9m do diagn\u00f3stico sobre o apoio do bloco fisiol\u00f3gico ao atual mandat\u00e1rio, Kassab direcionou suas cr\u00edticas \u00e0 postula\u00e7\u00e3o do senador Fl\u00e1vio Bolsonaro (PL), classificando sua probabilidade de vit\u00f3ria como nula. &#8220;Eu posso falar para voc\u00eas que a chance do Fl\u00e1vio se eleger \u00e9 zero. N\u00e3o tem a menor chance&#8221;, afirmou o pol\u00edtico, citando sua experi\u00eancia hist\u00f3rica em progn\u00f3sticos eleitorais para embasar a afirma\u00e7\u00e3o.<\/p>\n\n\n\n<p class=\"wp-block-paragraph\">Segundo a avalia\u00e7\u00e3o de Kassab, o candidato do PL atualmente \u00e9 preservado de ataques mais severos porque o Partido dos Trabalhadores (PT) o enxerga como um oponente mais f\u00e1cil de ser batido em um eventual segundo turno. No entanto, o cacique do PSD previu um enfraquecimento acentuado do parlamentar com o avan\u00e7o oficial do calend\u00e1rio eleitoral. &#8220;O Fl\u00e1vio vai desabar nas pesquisas na hora que o PT come\u00e7ar a mostrar as pessoas que est\u00e3o no entorno dele&#8221;, projetou Kassab \u00e0s lideran\u00e7as dos setores da ind\u00fastria, minera\u00e7\u00e3o e agroneg\u00f3cio.<\/p>\n\n\n\n<figure class=\"wp-block-image size-full\"><img loading=\"lazy\" decoding=\"async\" width=\"888\" height=\"530\" src=\"https:\/\/blogdorogeriogomes.com.br\/noticias\/wp-content\/uploads\/2026\/08\/arte-2026-02-08t230104.968.jpeg\" alt=\"\" class=\"wp-image-41722\" srcset=\"https:\/\/blogdorogeriogomes.com.br\/noticias\/wp-content\/uploads\/2026\/08\/arte-2026-02-08t230104.968.jpeg 888w, https:\/\/blogdorogeriogomes.com.br\/noticias\/wp-content\/uploads\/2026\/08\/arte-2026-02-08t230104.968-300x179.jpeg 300w, https:\/\/blogdorogeriogomes.com.br\/noticias\/wp-content\/uploads\/2026\/08\/arte-2026-02-08t230104.968-768x458.jpeg 768w, https:\/\/blogdorogeriogomes.com.br\/noticias\/wp-content\/uploads\/2026\/08\/arte-2026-02-08t230104.968-800x477.jpeg 800w\" sizes=\"auto, (max-width: 888px) 100vw, 888px\" \/><\/figure>\n","protected":false},"excerpt":{"rendered":"<p>O cen\u00e1rio das elei\u00e7\u00f5es presidenciais esquenta com a proximidade do in\u00edcio da campanha nas ruas, pr\u00f3ximo domingo, dia 16 de agosto. E declara\u00e7\u00f5es contundentes de Gilberto Kassab, presidente nacional do PSD e candidato a vice-presidente na chapa liderada por Ronaldo Caiado, esquentam a disputa polarizada entre Lula (PT) e Fl\u00e1vio Bolsonaro (PL). Em um evento fechado com mais de 200 empres\u00e1rios em Higien\u00f3polis, S\u00e3o Paulo, o dirigente partid\u00e1rio recha\u00e7ou a tese de neutralidade das siglas de centro e decretou&hellip;<\/p>\n","protected":false},"author":1,"featured_media":41722,"comment_status":"open","ping_status":"open","sticky":false,"template":"","format":"standard","meta":{"footnotes":""},"categories":[1],"tags":[],"class_list":["post-41721","post","type-post","status-publish","format-standard","has-post-thumbnail","hentry","category-noticias"],"_links":{"self":[{"href":"https:\/\/blogdorogeriogomes.com.br\/noticias\/wp-json\/wp\/v2\/posts\/41721","targetHints":{"allow":["GET"]}}],"collection":[{"href":"https:\/\/blogdorogeriogomes.com.br\/noticias\/wp-json\/wp\/v2\/posts"}],"about":[{"href":"https:\/\/blogdorogeriogomes.com.br\/noticias\/wp-json\/wp\/v2\/types\/post"}],"author":[{"embeddable":true,"href":"https:\/\/blogdorogeriogomes.com.br\/noticias\/wp-json\/wp\/v2\/users\/1"}],"replies":[{"embeddable":true,"href":"https:\/\/blogdorogeriogomes.com.br\/noticias\/wp-json\/wp\/v2\/comments?post=41721"}],"version-history":[{"count":1,"href":"https:\/\/blogdorogeriogomes.com.br\/noticias\/wp-json\/wp\/v2\/posts\/41721\/revisions"}],"predecessor-version":[{"id":41723,"href":"https:\/\/blogdorogeriogomes.com.br\/noticias\/wp-json\/wp\/v2\/posts\/41721\/revisions\/41723"}],"wp:featuredmedia":[{"embeddable":true,"href":"https:\/\/blogdorogeriogomes.com.br\/noticias\/wp-json\/wp\/v2\/media\/41722"}],"wp:attachment":[{"href":"https:\/\/blogdorogeriogomes.com.br\/noticias\/wp-json\/wp\/v2\/media?parent=41721"}],"wp:term":[{"taxonomy":"category","embeddable":true,"href":"https:\/\/blogdorogeriogomes.com.br\/noticias\/wp-json\/wp\/v2\/categories?post=41721"},{"taxonomy":"post_tag","embeddable":true,"href":"https:\/\/blogdorogeriogomes.com.br\/noticias\/wp-json\/wp\/v2\/tags?post=41721"}],"curies":[{"name":"wp","href":"https:\/\/api.w.org\/{rel}","templated":true}]}}