{"id":41724,"date":"2026-08-14T16:30:19","date_gmt":"2026-08-14T16:30:19","guid":{"rendered":"https:\/\/blogdorogeriogomes.com.br\/noticias\/?p=41724"},"modified":"2026-08-14T16:30:19","modified_gmt":"2026-08-14T16:30:19","slug":"apos-reaproximacao-com-lula-davi-alcolumbre-destrava-fim-da-escala-6x1-e-pec-da-seguranca-em-tramitacao-no-senado-federal","status":"publish","type":"post","link":"https:\/\/blogdorogeriogomes.com.br\/noticias\/2026\/08\/apos-reaproximacao-com-lula-davi-alcolumbre-destrava-fim-da-escala-6x1-e-pec-da-seguranca-em-tramitacao-no-senado-federal\/","title":{"rendered":"Ap\u00f3s reaproxima\u00e7\u00e3o com Lula, Davi Alcolumbre destrava fim da escala 6\u00d71 e PEC da Seguran\u00e7a em tramita\u00e7\u00e3o no Senado Federal"},"content":{"rendered":"\n<p class=\"wp-block-paragraph\">Em um aceno pol\u00edtico significativo ao Pal\u00e1cio do Planalto, o presidente do Senado Federal, Davi Alcolumbre (Uni\u00e3o-AP), determinou nesta sexta-feira, dia 14 de agosto, o envio de tr\u00eas propostas priorit\u00e1rias do Governo Lula para a an\u00e1lise das comiss\u00f5es tem\u00e1ticas da Casa. A decis\u00e3o retira da gaveta a Proposta de Emenda \u00e0 Constitui\u00e7\u00e3o (PEC) 221\/2019, que prev\u00ea a extin\u00e7\u00e3o da jornada de trabalho na escala 6&#215;1, e a PEC 18\/2025, conhecida como a PEC da Seguran\u00e7a P\u00fablica. Al\u00e9m delas, o Projeto de Lei 2780\/2024, que institui a Pol\u00edtica Nacional de Minerais Cr\u00edticos e Estrat\u00e9gicos, tamb\u00e9m teve sua tramita\u00e7\u00e3o destravada.<\/p>\n\n\n\n<p class=\"wp-block-paragraph\">O avan\u00e7o das pautas ocorre imediatamente ap\u00f3s uma sequ\u00eancia de reuni\u00f5es entre Alcolumbre e o presidente Luiz In\u00e1cio Lula da Silva, consolidando a retomada do di\u00e1logo institucional entre a c\u00fapula do Legislativo e o Poder Executivo. A rela\u00e7\u00e3o entre ambos estava fragilizada h\u00e1 cerca de tr\u00eas meses, quando o Senado rejeitou a indica\u00e7\u00e3o do advogado-geral da Uni\u00e3o, Jorge Messias, para uma cadeira no Supremo Tribunal Federal (STF), desencadeando um per\u00edodo de reveses para a articula\u00e7\u00e3o pol\u00edtica governista. Ap\u00f3s jantares e agendas conjuntas ao longo da semana no Pal\u00e1cio da Alvorada, os l\u00edderes restabeleceram pontes.<\/p>\n\n\n\n<p class=\"wp-block-paragraph\">As duas propostas de emenda constitucional seguir\u00e3o inicialmente para a Comiss\u00e3o de Constitui\u00e7\u00e3o e Justi\u00e7a (CCJ), colegiado presidido pelo senador Otto Alencar (PSD-BA), onde passar\u00e3o por sabatina t\u00e9cnica e relatoria antes de estarem aptas para o plen\u00e1rio. A PEC que prop\u00f5e o fim da escala 6&#215;1 prop\u00f5e uma reformula\u00e7\u00e3o profunda na jornada m\u00e1xima semanal de trabalho para o modelo de cinco dias de atividade por dois de descanso (5&#215;2), mantendo a integridade dos sal\u00e1rios vigentes.<\/p>\n\n\n\n<p class=\"wp-block-paragraph\">J\u00e1 a PEC da Seguran\u00e7a P\u00fablica visa centralizar e padronizar diretrizes nacionais para o combate ao crime organizado e a gest\u00e3o de dados das for\u00e7as policiais do pa\u00eds.Em nota oficial divulgada \u00e0 imprensa, Alcolumbre classificou as propostas como &#8220;mat\u00e9rias de alta complexidade&#8221; e assegurou que elas cumprir\u00e3o rigorosamente o rito ordin\u00e1rio e regimental do Senado, sinalizando que a Casa exercer\u00e1 sua independ\u00eancia t\u00e9cnica na avalia\u00e7\u00e3o dos textos.<\/p>\n\n\n\n<p class=\"wp-block-paragraph\">Embora o encaminhamento represente uma vit\u00f3ria simb\u00f3lica de alinhamento para o Planalto na v\u00e9spera do per\u00edodo de campanha eleitoral, congressistas avaliam nos bastidores que os debates mais densos e as vota\u00e7\u00f5es definitivas em plen\u00e1rio devem se concentrar no esfor\u00e7o legislativo planejado para o per\u00edodo posterior \u00e0s elei\u00e7\u00f5es de outubro.<\/p>\n\n\n\n<figure class=\"wp-block-image size-full\"><img loading=\"lazy\" decoding=\"async\" width=\"768\" height=\"512\" src=\"https:\/\/blogdorogeriogomes.com.br\/noticias\/wp-content\/uploads\/2026\/08\/177741836069f1407810181_1777418360_3x2_md.jpg\" alt=\"\" class=\"wp-image-41726\" srcset=\"https:\/\/blogdorogeriogomes.com.br\/noticias\/wp-content\/uploads\/2026\/08\/177741836069f1407810181_1777418360_3x2_md.jpg 768w, https:\/\/blogdorogeriogomes.com.br\/noticias\/wp-content\/uploads\/2026\/08\/177741836069f1407810181_1777418360_3x2_md-300x200.jpg 300w\" sizes=\"auto, (max-width: 768px) 100vw, 768px\" \/><\/figure>\n","protected":false},"excerpt":{"rendered":"<p>Em um aceno pol\u00edtico significativo ao Pal\u00e1cio do Planalto, o presidente do Senado Federal, Davi Alcolumbre (Uni\u00e3o-AP), determinou nesta sexta-feira, dia 14 de agosto, o envio de tr\u00eas propostas priorit\u00e1rias do Governo Lula para a an\u00e1lise das comiss\u00f5es tem\u00e1ticas da Casa. A decis\u00e3o retira da gaveta a Proposta de Emenda \u00e0 Constitui\u00e7\u00e3o (PEC) 221\/2019, que prev\u00ea a extin\u00e7\u00e3o da jornada de trabalho na escala 6&#215;1, e a PEC 18\/2025, conhecida como a PEC da Seguran\u00e7a P\u00fablica. Al\u00e9m delas, o&hellip;<\/p>\n","protected":false},"author":1,"featured_media":41726,"comment_status":"open","ping_status":"open","sticky":false,"template":"","format":"standard","meta":{"footnotes":""},"categories":[1],"tags":[],"class_list":["post-41724","post","type-post","status-publish","format-standard","has-post-thumbnail","hentry","category-noticias"],"_links":{"self":[{"href":"https:\/\/blogdorogeriogomes.com.br\/noticias\/wp-json\/wp\/v2\/posts\/41724","targetHints":{"allow":["GET"]}}],"collection":[{"href":"https:\/\/blogdorogeriogomes.com.br\/noticias\/wp-json\/wp\/v2\/posts"}],"about":[{"href":"https:\/\/blogdorogeriogomes.com.br\/noticias\/wp-json\/wp\/v2\/types\/post"}],"author":[{"embeddable":true,"href":"https:\/\/blogdorogeriogomes.com.br\/noticias\/wp-json\/wp\/v2\/users\/1"}],"replies":[{"embeddable":true,"href":"https:\/\/blogdorogeriogomes.com.br\/noticias\/wp-json\/wp\/v2\/comments?post=41724"}],"version-history":[{"count":2,"href":"https:\/\/blogdorogeriogomes.com.br\/noticias\/wp-json\/wp\/v2\/posts\/41724\/revisions"}],"predecessor-version":[{"id":41727,"href":"https:\/\/blogdorogeriogomes.com.br\/noticias\/wp-json\/wp\/v2\/posts\/41724\/revisions\/41727"}],"wp:featuredmedia":[{"embeddable":true,"href":"https:\/\/blogdorogeriogomes.com.br\/noticias\/wp-json\/wp\/v2\/media\/41726"}],"wp:attachment":[{"href":"https:\/\/blogdorogeriogomes.com.br\/noticias\/wp-json\/wp\/v2\/media?parent=41724"}],"wp:term":[{"taxonomy":"category","embeddable":true,"href":"https:\/\/blogdorogeriogomes.com.br\/noticias\/wp-json\/wp\/v2\/categories?post=41724"},{"taxonomy":"post_tag","embeddable":true,"href":"https:\/\/blogdorogeriogomes.com.br\/noticias\/wp-json\/wp\/v2\/tags?post=41724"}],"curies":[{"name":"wp","href":"https:\/\/api.w.org\/{rel}","templated":true}]}}