{"id":41728,"date":"2026-08-15T11:15:31","date_gmt":"2026-08-15T11:15:31","guid":{"rendered":"https:\/\/blogdorogeriogomes.com.br\/noticias\/?p=41728"},"modified":"2026-08-15T11:16:09","modified_gmt":"2026-08-15T11:16:09","slug":"e-dada-a-largada-eleitoral-elmano-de-freitas-e-ciro-gomes-cruzam-o-ceara-no-primeiro-dia-de-campanha-nas-ruas","status":"publish","type":"post","link":"https:\/\/blogdorogeriogomes.com.br\/noticias\/2026\/08\/e-dada-a-largada-eleitoral-elmano-de-freitas-e-ciro-gomes-cruzam-o-ceara-no-primeiro-dia-de-campanha-nas-ruas\/","title":{"rendered":"\u00c9 dada a largada eleitoral. Elmano de Freitas e Ciro Gomes cruzam o Cear\u00e1 neste domingo, primeiro dia de campanha nas ruas"},"content":{"rendered":"\n<p class=\"wp-block-paragraph\">A campanha eleitoral para o Governo do Cear\u00e1 come\u00e7a oficialmente nas ruas neste domingo, dia 16 de agosto, com uma intensa maratona de eventos promovida pelos principais candidatos.  O atual governador Elmano de Freitas (PT) e Ciro Gomes (PSDB) escolheram iniciar as agendas simultaneamente em Fortaleza e realizar um giro estrat\u00e9gico pelas principais regi\u00f5es do estado.<\/p>\n\n\n\n<p class=\"wp-block-paragraph\">A largada dos dois palanques acontece de manh\u00e3 em bairros distintos de Fortaleza. Ciro Gomes re\u00fane aliados e apoiadores no Mercado Central de Fortaleza. O tucano estar\u00e1 acompanhado do candidato a vice, Roberto Cl\u00e1udio (Uni\u00e3o Brasil), e dos postulantes ao Senado, Capit\u00e3o Wagner (Uni\u00e3o) e Alcides Fernandes (PL).<\/p>\n\n\n\n<p class=\"wp-block-paragraph\">J\u00e1 Elmano de Freitas comanda uma caminhada no bairro Pirambu. O governador estar\u00e1 ao lado da candidata a vice, Gabriella Aguiar (PSD), dos candidatos ao Senado, Cid Gomes (PSB) e Luizianne Lins (Rede), e do ministro Camilo Santana (PT).<\/p>\n\n\n\n<p class=\"wp-block-paragraph\">No decorrer do domingo, os candidatos seguem para o interior em agendas que coincidem no Cariri e na Zona Norte. Elmano de Freitas visita o santu\u00e1rio de Canind\u00e9 \u00e0s 10h. Chega ao Horto do Padre C\u00edcero, em Juazeiro do Norte, \u00e0s 14h. Passa por Barbalha \u00e0s 15h e pelo Crato (Barro Branco) \u00e0s 16h. \u00c0 noite, grava material de campanha em Sobral e encerra o dia com ato pol\u00edtico em Itarema.<\/p>\n\n\n\n<p class=\"wp-block-paragraph\">Ciro Gomes visita Acarape e Reden\u00e7\u00e3o \u00e0s 10h. \u00c0s 15h, visita o Horto do Padre C\u00edcero em Juazeiro do Norte. \u00c0s 16h, lan\u00e7a candidaturas aliadas no Col\u00e9gio Salesianos. \u00c0 noite, encerra a agenda em Sobral com missa na Igreja do Patroc\u00ednio e visita a comit\u00ea local.<\/p>\n\n\n\n<figure class=\"wp-block-image size-full\"><img loading=\"lazy\" decoding=\"async\" width=\"800\" height=\"533\" src=\"https:\/\/blogdorogeriogomes.com.br\/noticias\/wp-content\/uploads\/2026\/08\/conexao-085-banner-800x533px-horto-2.jpg\" alt=\"\" class=\"wp-image-41730\" srcset=\"https:\/\/blogdorogeriogomes.com.br\/noticias\/wp-content\/uploads\/2026\/08\/conexao-085-banner-800x533px-horto-2.jpg 800w, https:\/\/blogdorogeriogomes.com.br\/noticias\/wp-content\/uploads\/2026\/08\/conexao-085-banner-800x533px-horto-2-300x200.jpg 300w, https:\/\/blogdorogeriogomes.com.br\/noticias\/wp-content\/uploads\/2026\/08\/conexao-085-banner-800x533px-horto-2-768x512.jpg 768w\" sizes=\"auto, (max-width: 800px) 100vw, 800px\" \/><\/figure>\n\n\n\n<p class=\"wp-block-paragraph\"><\/p>\n","protected":false},"excerpt":{"rendered":"<p>A campanha eleitoral para o Governo do Cear\u00e1 come\u00e7a oficialmente nas ruas neste domingo, dia 16 de agosto, com uma intensa maratona de eventos promovida pelos principais candidatos. O atual governador Elmano de Freitas (PT) e Ciro Gomes (PSDB) escolheram iniciar as agendas simultaneamente em Fortaleza e realizar um giro estrat\u00e9gico pelas principais regi\u00f5es do estado. A largada dos dois palanques acontece de manh\u00e3 em bairros distintos de Fortaleza. Ciro Gomes re\u00fane aliados e apoiadores no Mercado Central de&hellip;<\/p>\n","protected":false},"author":1,"featured_media":41730,"comment_status":"open","ping_status":"open","sticky":false,"template":"","format":"standard","meta":{"footnotes":""},"categories":[1],"tags":[],"class_list":["post-41728","post","type-post","status-publish","format-standard","has-post-thumbnail","hentry","category-noticias"],"_links":{"self":[{"href":"https:\/\/blogdorogeriogomes.com.br\/noticias\/wp-json\/wp\/v2\/posts\/41728","targetHints":{"allow":["GET"]}}],"collection":[{"href":"https:\/\/blogdorogeriogomes.com.br\/noticias\/wp-json\/wp\/v2\/posts"}],"about":[{"href":"https:\/\/blogdorogeriogomes.com.br\/noticias\/wp-json\/wp\/v2\/types\/post"}],"author":[{"embeddable":true,"href":"https:\/\/blogdorogeriogomes.com.br\/noticias\/wp-json\/wp\/v2\/users\/1"}],"replies":[{"embeddable":true,"href":"https:\/\/blogdorogeriogomes.com.br\/noticias\/wp-json\/wp\/v2\/comments?post=41728"}],"version-history":[{"count":3,"href":"https:\/\/blogdorogeriogomes.com.br\/noticias\/wp-json\/wp\/v2\/posts\/41728\/revisions"}],"predecessor-version":[{"id":41732,"href":"https:\/\/blogdorogeriogomes.com.br\/noticias\/wp-json\/wp\/v2\/posts\/41728\/revisions\/41732"}],"wp:featuredmedia":[{"embeddable":true,"href":"https:\/\/blogdorogeriogomes.com.br\/noticias\/wp-json\/wp\/v2\/media\/41730"}],"wp:attachment":[{"href":"https:\/\/blogdorogeriogomes.com.br\/noticias\/wp-json\/wp\/v2\/media?parent=41728"}],"wp:term":[{"taxonomy":"category","embeddable":true,"href":"https:\/\/blogdorogeriogomes.com.br\/noticias\/wp-json\/wp\/v2\/categories?post=41728"},{"taxonomy":"post_tag","embeddable":true,"href":"https:\/\/blogdorogeriogomes.com.br\/noticias\/wp-json\/wp\/v2\/tags?post=41728"}],"curies":[{"name":"wp","href":"https:\/\/api.w.org\/{rel}","templated":true}]}}