{"id":41733,"date":"2026-08-15T11:36:31","date_gmt":"2026-08-15T11:36:31","guid":{"rendered":"https:\/\/blogdorogeriogomes.com.br\/noticias\/?p=41733"},"modified":"2026-08-15T11:36:31","modified_gmt":"2026-08-15T11:36:31","slug":"governo-do-estado-publica-edital-do-concurso-da-seduc-que-oferece-tres-mil-novas-vagas-para-professores-na-rede-publica","status":"publish","type":"post","link":"https:\/\/blogdorogeriogomes.com.br\/noticias\/2026\/08\/governo-do-estado-publica-edital-do-concurso-da-seduc-que-oferece-tres-mil-novas-vagas-para-professores-na-rede-publica\/","title":{"rendered":"Governo do Estado publica edital do concurso da Seduc que oferece tr\u00eas mil novas vagas para professores na rede p\u00fablica"},"content":{"rendered":"\n<p class=\"wp-block-paragraph\">O Governo do Cear\u00e1 publicou o edital do concurso p\u00fablico da Secretaria da Educa\u00e7\u00e3o (Seduc CE) com a oferta de 3.000 vagas para professores da rede p\u00fablica estadual. O certame preencher\u00e1 2.000 vagas imediatas e formar\u00e1 cadastro de reserva com outras 1.000 oportunidades para profissionais de n\u00edvel superior. A remunera\u00e7\u00e3o inicial para a jornada de 40 horas semanais \u00e9 de R$ 7.181,41, al\u00e9m de aux\u00edlio-alimenta\u00e7\u00e3o por dia \u00fatil trabalhado.<\/p>\n\n\n\n<p class=\"wp-block-paragraph\">O per\u00edodo de inscri\u00e7\u00f5es est\u00e1 previsto para iniciar em setembro, ocorrendo entre 16 de setembro e 15 de outubro de 2026. A inscri\u00e7\u00e3o ser\u00e1 feita exclusivamente pela internet, no portal oficial da banca organizadora CEV\/Uece. A taxa de inscri\u00e7\u00e3o \u00e9 de R$ 150,00.<\/p>\n\n\n\n<p class=\"wp-block-paragraph\">A prova objetiva est\u00e1 agendada para o dia 22 de novembro. A sele\u00e7\u00e3o abrange o Atendimento Educacional Especializado (AEE) e outras 13 disciplinas curriculares: L\u00edngua Portuguesa (300 vagas imediatas); Matem\u00e1tica (300 vagas imediatas); Educa\u00e7\u00e3o F\u00edsica (190 vagas imediatas); Atendimento Educacional Especializado &#8211; AEE (174 vagas imediatas); Qu\u00edmica (140 vagas imediatas); F\u00edsica (132 vagas imediatas); Biologia (130 vagas imediatas), al\u00e9m de outras disciplinas: Hist\u00f3ria, Geografia, L\u00edngua Inglesa, L\u00edngua Espanhola, Arte-Educa\u00e7\u00e3o, Filosofia e Sociologia.<\/p>\n\n\n\n<p class=\"wp-block-paragraph\">De acordo com os detalhes publicados pelo Estrat\u00e9gia Concursos, a avalia\u00e7\u00e3o dos candidatos ser\u00e1 dividida em tr\u00eas fases consecutivas: Prova Objetiva, composta por 80 quest\u00f5es de m\u00faltipla escolha, sendo 30 de conhecimentos b\u00e1sicos e 50 de conhecimentos espec\u00edficos; Prova Pr\u00e1tica, com simula\u00e7\u00e3o de aula com dura\u00e7\u00e3o de 25 minutos e grava\u00e7\u00e3o em \u00e1udio e v\u00eddeo; e Avalia\u00e7\u00e3o de T\u00edtulos, uma fase estritamente classificat\u00f3ria com base na forma\u00e7\u00e3o acad\u00eamica.<\/p>\n\n\n\n<figure class=\"wp-block-image size-full\"><img loading=\"lazy\" decoding=\"async\" width=\"984\" height=\"553\" src=\"https:\/\/blogdorogeriogomes.com.br\/noticias\/wp-content\/uploads\/2026\/08\/professores.jpeg\" alt=\"\" class=\"wp-image-41734\" srcset=\"https:\/\/blogdorogeriogomes.com.br\/noticias\/wp-content\/uploads\/2026\/08\/professores.jpeg 984w, https:\/\/blogdorogeriogomes.com.br\/noticias\/wp-content\/uploads\/2026\/08\/professores-300x169.jpeg 300w, https:\/\/blogdorogeriogomes.com.br\/noticias\/wp-content\/uploads\/2026\/08\/professores-768x432.jpeg 768w, https:\/\/blogdorogeriogomes.com.br\/noticias\/wp-content\/uploads\/2026\/08\/professores-800x450.jpeg 800w\" sizes=\"auto, (max-width: 984px) 100vw, 984px\" \/><\/figure>\n","protected":false},"excerpt":{"rendered":"<p>O Governo do Cear\u00e1 publicou o edital do concurso p\u00fablico da Secretaria da Educa\u00e7\u00e3o (Seduc CE) com a oferta de 3.000 vagas para professores da rede p\u00fablica estadual. O certame preencher\u00e1 2.000 vagas imediatas e formar\u00e1 cadastro de reserva com outras 1.000 oportunidades para profissionais de n\u00edvel superior. A remunera\u00e7\u00e3o inicial para a jornada de 40 horas semanais \u00e9 de R$ 7.181,41, al\u00e9m de aux\u00edlio-alimenta\u00e7\u00e3o por dia \u00fatil trabalhado. O per\u00edodo de inscri\u00e7\u00f5es est\u00e1 previsto para iniciar em setembro,&hellip;<\/p>\n","protected":false},"author":1,"featured_media":41734,"comment_status":"open","ping_status":"open","sticky":false,"template":"","format":"standard","meta":{"footnotes":""},"categories":[1],"tags":[],"class_list":["post-41733","post","type-post","status-publish","format-standard","has-post-thumbnail","hentry","category-noticias"],"_links":{"self":[{"href":"https:\/\/blogdorogeriogomes.com.br\/noticias\/wp-json\/wp\/v2\/posts\/41733","targetHints":{"allow":["GET"]}}],"collection":[{"href":"https:\/\/blogdorogeriogomes.com.br\/noticias\/wp-json\/wp\/v2\/posts"}],"about":[{"href":"https:\/\/blogdorogeriogomes.com.br\/noticias\/wp-json\/wp\/v2\/types\/post"}],"author":[{"embeddable":true,"href":"https:\/\/blogdorogeriogomes.com.br\/noticias\/wp-json\/wp\/v2\/users\/1"}],"replies":[{"embeddable":true,"href":"https:\/\/blogdorogeriogomes.com.br\/noticias\/wp-json\/wp\/v2\/comments?post=41733"}],"version-history":[{"count":1,"href":"https:\/\/blogdorogeriogomes.com.br\/noticias\/wp-json\/wp\/v2\/posts\/41733\/revisions"}],"predecessor-version":[{"id":41735,"href":"https:\/\/blogdorogeriogomes.com.br\/noticias\/wp-json\/wp\/v2\/posts\/41733\/revisions\/41735"}],"wp:featuredmedia":[{"embeddable":true,"href":"https:\/\/blogdorogeriogomes.com.br\/noticias\/wp-json\/wp\/v2\/media\/41734"}],"wp:attachment":[{"href":"https:\/\/blogdorogeriogomes.com.br\/noticias\/wp-json\/wp\/v2\/media?parent=41733"}],"wp:term":[{"taxonomy":"category","embeddable":true,"href":"https:\/\/blogdorogeriogomes.com.br\/noticias\/wp-json\/wp\/v2\/categories?post=41733"},{"taxonomy":"post_tag","embeddable":true,"href":"https:\/\/blogdorogeriogomes.com.br\/noticias\/wp-json\/wp\/v2\/tags?post=41733"}],"curies":[{"name":"wp","href":"https:\/\/api.w.org\/{rel}","templated":true}]}}