{"id":41736,"date":"2026-08-15T12:08:56","date_gmt":"2026-08-15T12:08:56","guid":{"rendered":"https:\/\/blogdorogeriogomes.com.br\/noticias\/?p=41736"},"modified":"2026-08-15T12:08:56","modified_gmt":"2026-08-15T12:08:56","slug":"petrobras-descobre-petroleo-em-aguas-ultraprofundas-no-amapa-que-pode-mudar-perfil-socioeconomico-da-regiao-norte","status":"publish","type":"post","link":"https:\/\/blogdorogeriogomes.com.br\/noticias\/2026\/08\/petrobras-descobre-petroleo-em-aguas-ultraprofundas-no-amapa-que-pode-mudar-perfil-socioeconomico-da-regiao-norte\/","title":{"rendered":"Petrobras descobre petr\u00f3leo em \u00e1guas ultraprofundas no Amap\u00e1 que pode mudar perfil socioecon\u00f4mico da Regi\u00e3o Norte"},"content":{"rendered":"\n<p class=\"wp-block-paragraph\">A Petrobras anunciou oficialmente a identifica\u00e7\u00e3o de petr\u00f3leo na bacia da Foz do Amazonas, localizada na Margem Equatorial, a cerca de 175 quil\u00f4metros da costa do Amap\u00e1. O achado ocorreu durante a perfura\u00e7\u00e3o do po\u00e7o explorat\u00f3rio Morpho, em uma profundidade de aproximadamente 2,9 quil\u00f4metros de l\u00e2mina d&#8217;\u00e1gua. <\/p>\n\n\n\n<p class=\"wp-block-paragraph\">A confirma\u00e7\u00e3o foi classificada por autoridades locais como um marco hist\u00f3rico capaz de transformar radicalmente a realidade socioecon\u00f4mica da Regi\u00e3o Norte do pa\u00eds. Em comunicado divulgado pela Ag\u00eancia Petrobras, a presidente da companhia, Magda Chambriard, celebrou o resultado das opera\u00e7\u00f5es. A executiva reafirmou o otimismo t\u00e9cnico em rela\u00e7\u00e3o \u00e0 Margem Equatorial brasileira, apontando que o sucesso da perfura\u00e7\u00e3o representa um passo essencial para a recomposi\u00e7\u00e3o das reservas estrat\u00e9gicas de petr\u00f3leo e g\u00e1s e para a garantia da seguran\u00e7a energ\u00e9tica nacional nas pr\u00f3ximas d\u00e9cadas.<\/p>\n\n\n\n<p class=\"wp-block-paragraph\">Apesar do entusiasmo do mercado e do governo regional, analistas apontam que a descoberta ainda necessita de avalia\u00e7\u00f5es complementares. A identifica\u00e7\u00e3o por perfilagem el\u00e9trica comprova a exist\u00eancia de combust\u00edvel no reservat\u00f3rio, mas n\u00e3o equivale de imediato a uma declara\u00e7\u00e3o de comercialidade. Nas pr\u00f3ximas semanas, a Petrobras dar\u00e1 continuidade aos testes de fluxo e \u00e0 an\u00e1lise das rochas para dimensionar o volume real do reservat\u00f3rio e avaliar a qualidade do \u00f3leo encontrado.<\/p>\n\n\n\n<p class=\"wp-block-paragraph\">A regi\u00e3o da Margem Equatorial, que se estende do Amap\u00e1 ao Rio Grande do Norte, possui estimativas da Ag\u00eancia Nacional do Petr\u00f3leo, G\u00e1s Natural e Biocombust\u00edveis (ANP) que apontam para um potencial de at\u00e9 30 bilh\u00f5es de barris de \u00f3leo equivalente. O projeto segue sob estrito monitoramento e exig\u00eancias de preserva\u00e7\u00e3o socioambiental, buscando conciliar o avan\u00e7o da fronteira energ\u00e9tica com o respeito \u00e0s comunidades tradicionais e \u00e0 rica biodiversidade da costa amaz\u00f4nica.<\/p>\n\n\n\n<figure class=\"wp-block-image size-large\"><img loading=\"lazy\" decoding=\"async\" width=\"1024\" height=\"683\" src=\"https:\/\/blogdorogeriogomes.com.br\/noticias\/wp-content\/uploads\/2026\/08\/petrobras-margem-equatorial-1024x683.webp\" alt=\"\" class=\"wp-image-41737\" srcset=\"https:\/\/blogdorogeriogomes.com.br\/noticias\/wp-content\/uploads\/2026\/08\/petrobras-margem-equatorial-1024x683.webp 1024w, https:\/\/blogdorogeriogomes.com.br\/noticias\/wp-content\/uploads\/2026\/08\/petrobras-margem-equatorial-300x200.webp 300w, https:\/\/blogdorogeriogomes.com.br\/noticias\/wp-content\/uploads\/2026\/08\/petrobras-margem-equatorial-768x512.webp 768w, https:\/\/blogdorogeriogomes.com.br\/noticias\/wp-content\/uploads\/2026\/08\/petrobras-margem-equatorial-800x533.webp 800w, https:\/\/blogdorogeriogomes.com.br\/noticias\/wp-content\/uploads\/2026\/08\/petrobras-margem-equatorial.webp 1200w\" sizes=\"auto, (max-width: 1024px) 100vw, 1024px\" \/><\/figure>\n","protected":false},"excerpt":{"rendered":"<p>A Petrobras anunciou oficialmente a identifica\u00e7\u00e3o de petr\u00f3leo na bacia da Foz do Amazonas, localizada na Margem Equatorial, a cerca de 175 quil\u00f4metros da costa do Amap\u00e1. O achado ocorreu durante a perfura\u00e7\u00e3o do po\u00e7o explorat\u00f3rio Morpho, em uma profundidade de aproximadamente 2,9 quil\u00f4metros de l\u00e2mina d&#8217;\u00e1gua. A confirma\u00e7\u00e3o foi classificada por autoridades locais como um marco hist\u00f3rico capaz de transformar radicalmente a realidade socioecon\u00f4mica da Regi\u00e3o Norte do pa\u00eds. Em comunicado divulgado pela Ag\u00eancia Petrobras, a presidente da&hellip;<\/p>\n","protected":false},"author":1,"featured_media":41737,"comment_status":"open","ping_status":"open","sticky":false,"template":"","format":"standard","meta":{"footnotes":""},"categories":[1],"tags":[],"class_list":["post-41736","post","type-post","status-publish","format-standard","has-post-thumbnail","hentry","category-noticias"],"_links":{"self":[{"href":"https:\/\/blogdorogeriogomes.com.br\/noticias\/wp-json\/wp\/v2\/posts\/41736","targetHints":{"allow":["GET"]}}],"collection":[{"href":"https:\/\/blogdorogeriogomes.com.br\/noticias\/wp-json\/wp\/v2\/posts"}],"about":[{"href":"https:\/\/blogdorogeriogomes.com.br\/noticias\/wp-json\/wp\/v2\/types\/post"}],"author":[{"embeddable":true,"href":"https:\/\/blogdorogeriogomes.com.br\/noticias\/wp-json\/wp\/v2\/users\/1"}],"replies":[{"embeddable":true,"href":"https:\/\/blogdorogeriogomes.com.br\/noticias\/wp-json\/wp\/v2\/comments?post=41736"}],"version-history":[{"count":1,"href":"https:\/\/blogdorogeriogomes.com.br\/noticias\/wp-json\/wp\/v2\/posts\/41736\/revisions"}],"predecessor-version":[{"id":41738,"href":"https:\/\/blogdorogeriogomes.com.br\/noticias\/wp-json\/wp\/v2\/posts\/41736\/revisions\/41738"}],"wp:featuredmedia":[{"embeddable":true,"href":"https:\/\/blogdorogeriogomes.com.br\/noticias\/wp-json\/wp\/v2\/media\/41737"}],"wp:attachment":[{"href":"https:\/\/blogdorogeriogomes.com.br\/noticias\/wp-json\/wp\/v2\/media?parent=41736"}],"wp:term":[{"taxonomy":"category","embeddable":true,"href":"https:\/\/blogdorogeriogomes.com.br\/noticias\/wp-json\/wp\/v2\/categories?post=41736"},{"taxonomy":"post_tag","embeddable":true,"href":"https:\/\/blogdorogeriogomes.com.br\/noticias\/wp-json\/wp\/v2\/tags?post=41736"}],"curies":[{"name":"wp","href":"https:\/\/api.w.org\/{rel}","templated":true}]}}