{"id":41744,"date":"2026-08-15T17:24:49","date_gmt":"2026-08-15T17:24:49","guid":{"rendered":"https:\/\/blogdorogeriogomes.com.br\/noticias\/?p=41744"},"modified":"2026-08-15T17:24:52","modified_gmt":"2026-08-15T17:24:52","slug":"camara-municipal-de-aracati-define-mesa-diretora-para-bienio-2027-2028-marcelo-porto-e-o-novo-presidente","status":"publish","type":"post","link":"https:\/\/blogdorogeriogomes.com.br\/noticias\/2026\/08\/camara-municipal-de-aracati-define-mesa-diretora-para-bienio-2027-2028-marcelo-porto-e-o-novo-presidente\/","title":{"rendered":"C\u00e2mara Municipal de Aracati define Mesa Diretora para bi\u00eanio 2027\/2028. Marcelo Porto \u00e9 o novo presidente"},"content":{"rendered":"\n<p class=\"wp-block-paragraph\">A C\u00e2mara Municipal de Aracati definiu, neste s\u00e1bado, dia 15 de agosto, a composi\u00e7\u00e3o de sua Mesa Diretora para o bi\u00eanio 2027\/2028. Em vota\u00e7\u00e3o un\u00e2nime, o vereador Marcelo Porto foi eleito presidente do Legislativo pela terceira vez, alcan\u00e7ando uma marca rara na hist\u00f3ria pol\u00edtica do munic\u00edpio.<\/p>\n\n\n\n<p class=\"wp-block-paragraph\">A elei\u00e7\u00e3o contou com apenas uma chapa protocolada, denominada \u201cUma C\u00e2mara Forte e Alinhada com o Povo \u2013 CMA, A Casa do Povo Aracatiense\u201d. Al\u00e9m de Marcelo Porto na presid\u00eancia, a Mesa Diretora ter\u00e1 Beto Bugueiro como vice-presidente, Evanniel Carvalho como 1\u00ba secret\u00e1rio e Ivanildo Barros como 2\u00ba secret\u00e1rio.<\/p>\n\n\n\n<p class=\"wp-block-paragraph\">A unanimidade da vota\u00e7\u00e3o refor\u00e7a o ambiente de di\u00e1logo constru\u00eddo entre os integrantes da Casa. Mais do que assegurar um novo mandato \u00e0 frente do Legislativo, o resultado demonstra a capacidade de Marcelo Porto de reunir diferentes for\u00e7as pol\u00edticas em torno de uma composi\u00e7\u00e3o comum.<\/p>\n\n\n\n<p class=\"wp-block-paragraph\">Com a nova elei\u00e7\u00e3o, o vereador passa a integrar um grupo bastante restrito na hist\u00f3ria da C\u00e2mara de Aracati. At\u00e9 ent\u00e3o, apenas o ex-vereador F\u00e1bio Bravo havia conseguido presidir o Legislativo Municipal por tr\u00eas vezes, feito agora igualado por Marcelo Porto.<\/p>\n\n\n\n<p class=\"wp-block-paragraph\">A trajet\u00f3ria ganha ainda mais relev\u00e2ncia pelo momento pol\u00edtico vivido pelo presidente. Ainda jovem e em plena ascens\u00e3o, Marcelo vem ampliando sua presen\u00e7a no cen\u00e1rio pol\u00edtico aracatiense e consolidando uma lideran\u00e7a baseada na articula\u00e7\u00e3o, no di\u00e1logo e na constru\u00e7\u00e3o coletiva.<\/p>\n\n\n\n<p class=\"wp-block-paragraph\">Em seus posicionamentos p\u00fablicos, o parlamentar costuma se definir como um \u201cconstrutor\u201d, defendendo que projetos pol\u00edticos consistentes s\u00e3o resultado da capacidade de reunir pessoas, ideias e diferentes representa\u00e7\u00f5es em torno de objetivos comuns.<\/p>\n\n\n\n<p class=\"wp-block-paragraph\">A terceira elei\u00e7\u00e3o para a presid\u00eancia tamb\u00e9m aumenta sua responsabilidade diante do Parlamento e da popula\u00e7\u00e3o. Ao mesmo tempo, transforma o resultado deste s\u00e1bado em mais um cap\u00edtulo de uma trajet\u00f3ria que pode continuar produzindo novos desdobramentos no futuro pol\u00edtico de Aracati.<\/p>\n\n\n\n<p class=\"wp-block-paragraph\">A nova Mesa Diretora comandar\u00e1 a C\u00e2mara durante os anos de 2027 e 2028, dando continuidade ao trabalho institucional do Legislativo e tendo como desafio preservar a unidade demonstrada na elei\u00e7\u00e3o deste s\u00e1bado.<\/p>\n\n\n\n<figure class=\"wp-block-image size-large\"><img loading=\"lazy\" decoding=\"async\" width=\"1024\" height=\"768\" src=\"https:\/\/blogdorogeriogomes.com.br\/noticias\/wp-content\/uploads\/2026\/08\/IMG-20260815-WA0087-1024x768.jpg\" alt=\"\" class=\"wp-image-41745\" srcset=\"https:\/\/blogdorogeriogomes.com.br\/noticias\/wp-content\/uploads\/2026\/08\/IMG-20260815-WA0087-1024x768.jpg 1024w, https:\/\/blogdorogeriogomes.com.br\/noticias\/wp-content\/uploads\/2026\/08\/IMG-20260815-WA0087-300x225.jpg 300w, https:\/\/blogdorogeriogomes.com.br\/noticias\/wp-content\/uploads\/2026\/08\/IMG-20260815-WA0087-768x576.jpg 768w, https:\/\/blogdorogeriogomes.com.br\/noticias\/wp-content\/uploads\/2026\/08\/IMG-20260815-WA0087-800x600.jpg 800w, https:\/\/blogdorogeriogomes.com.br\/noticias\/wp-content\/uploads\/2026\/08\/IMG-20260815-WA0087-400x300.jpg 400w, https:\/\/blogdorogeriogomes.com.br\/noticias\/wp-content\/uploads\/2026\/08\/IMG-20260815-WA0087.jpg 1280w\" sizes=\"auto, (max-width: 1024px) 100vw, 1024px\" \/><\/figure>\n","protected":false},"excerpt":{"rendered":"<p>A C\u00e2mara Municipal de Aracati definiu, neste s\u00e1bado, dia 15 de agosto, a composi\u00e7\u00e3o de sua Mesa Diretora para o bi\u00eanio 2027\/2028. Em vota\u00e7\u00e3o un\u00e2nime, o vereador Marcelo Porto foi eleito presidente do Legislativo pela terceira vez, alcan\u00e7ando uma marca rara na hist\u00f3ria pol\u00edtica do munic\u00edpio. A elei\u00e7\u00e3o contou com apenas uma chapa protocolada, denominada \u201cUma C\u00e2mara Forte e Alinhada com o Povo \u2013 CMA, A Casa do Povo Aracatiense\u201d. Al\u00e9m de Marcelo Porto na presid\u00eancia, a Mesa Diretora&hellip;<\/p>\n","protected":false},"author":1,"featured_media":41745,"comment_status":"open","ping_status":"open","sticky":false,"template":"","format":"standard","meta":{"footnotes":""},"categories":[1],"tags":[],"class_list":["post-41744","post","type-post","status-publish","format-standard","has-post-thumbnail","hentry","category-noticias"],"_links":{"self":[{"href":"https:\/\/blogdorogeriogomes.com.br\/noticias\/wp-json\/wp\/v2\/posts\/41744","targetHints":{"allow":["GET"]}}],"collection":[{"href":"https:\/\/blogdorogeriogomes.com.br\/noticias\/wp-json\/wp\/v2\/posts"}],"about":[{"href":"https:\/\/blogdorogeriogomes.com.br\/noticias\/wp-json\/wp\/v2\/types\/post"}],"author":[{"embeddable":true,"href":"https:\/\/blogdorogeriogomes.com.br\/noticias\/wp-json\/wp\/v2\/users\/1"}],"replies":[{"embeddable":true,"href":"https:\/\/blogdorogeriogomes.com.br\/noticias\/wp-json\/wp\/v2\/comments?post=41744"}],"version-history":[{"count":1,"href":"https:\/\/blogdorogeriogomes.com.br\/noticias\/wp-json\/wp\/v2\/posts\/41744\/revisions"}],"predecessor-version":[{"id":41746,"href":"https:\/\/blogdorogeriogomes.com.br\/noticias\/wp-json\/wp\/v2\/posts\/41744\/revisions\/41746"}],"wp:featuredmedia":[{"embeddable":true,"href":"https:\/\/blogdorogeriogomes.com.br\/noticias\/wp-json\/wp\/v2\/media\/41745"}],"wp:attachment":[{"href":"https:\/\/blogdorogeriogomes.com.br\/noticias\/wp-json\/wp\/v2\/media?parent=41744"}],"wp:term":[{"taxonomy":"category","embeddable":true,"href":"https:\/\/blogdorogeriogomes.com.br\/noticias\/wp-json\/wp\/v2\/categories?post=41744"},{"taxonomy":"post_tag","embeddable":true,"href":"https:\/\/blogdorogeriogomes.com.br\/noticias\/wp-json\/wp\/v2\/tags?post=41744"}],"curies":[{"name":"wp","href":"https:\/\/api.w.org\/{rel}","templated":true}]}}