{"id":41747,"date":"2026-08-17T10:14:57","date_gmt":"2026-08-17T10:14:57","guid":{"rendered":"https:\/\/blogdorogeriogomes.com.br\/noticias\/?p=41747"},"modified":"2026-08-17T10:14:57","modified_gmt":"2026-08-17T10:14:57","slug":"elmano-de-freitas-abre-campanha-rumo-a-reeleicao-com-maratona-em-fortaleza-e-no-interior-do-ceara","status":"publish","type":"post","link":"https:\/\/blogdorogeriogomes.com.br\/noticias\/2026\/08\/elmano-de-freitas-abre-campanha-rumo-a-reeleicao-com-maratona-em-fortaleza-e-no-interior-do-ceara\/","title":{"rendered":"Elmano de Freitas abre campanha rumo \u00e0 reelei\u00e7\u00e3o com maratona em Fortaleza e no interior do Cear\u00e1"},"content":{"rendered":"\n<p class=\"wp-block-paragraph\">O governador do Cear\u00e1 e candidato \u00e0 reelei\u00e7\u00e3o, Elmano de Freitas (PT), deu in\u00edcio oficial \u00e0 sua campanha eleitoral neste domingo, dia 16 de agosto, com uma agenda intensa que uniu mobiliza\u00e7\u00e3o de massa na capital e passagens estrat\u00e9gicas por munic\u00edpios do interior. O ponto de partida foi marcado por uma forte demonstra\u00e7\u00e3o de apoio pol\u00edtico e pela centralidade de temas como gera\u00e7\u00e3o de emprego e descentraliza\u00e7\u00e3o da sa\u00fade p\u00fablica.<\/p>\n\n\n\n<p class=\"wp-block-paragraph\">A agenda de rua come\u00e7ou com uma caminhada no tradicional bairro Pirambu, em Fortaleza. O candidato desfilou ao lado de uma comitiva de peso da base aliada, incluindo a candidata a vice-governadora, Gabriella Aguiar (PSD), o senador licenciado, Camilo Santana (PT), e os candidatos ao Senado da coliga\u00e7\u00e3o, Cid Gomes (PSB) e Luizianne Lins (Rede). Em discurso proferido em um carro de som pelas ruas do bairro, Elmano destacou os avan\u00e7os de seu atual mandato e focou nas promessas de habita\u00e7\u00e3o, educa\u00e7\u00e3o e avan\u00e7o de programas de tratamento oncol\u00f3gico. Sobre o acirramento da disputa estadual contra a oposi\u00e7\u00e3o, ele pontuou com otimismo: &#8220;Se eles achavam que a elei\u00e7\u00e3o se resolve de pr\u00e9via, n\u00e3o \u00e9 assim n\u00e3o, elei\u00e7\u00e3o se resolve na rua e na urna&#8221;.<\/p>\n\n\n\n<p class=\"wp-block-paragraph\">Ap\u00f3s o ato em Fortaleza, o governador e sua equipe seguiram em um roteiro \u00e1gil por diferentes regi\u00f5es do estado, buscando consolidar o apoio com teor simb\u00f3lico e religioso no interior do Cear\u00e1. A comitiva passou por Canind\u00e9, em visita \u00e0 Bas\u00edlica Santu\u00e1rio de S\u00e3o Francisco das Chagas; Juazeiro do Norte, no Cariri, em visita ao Horto do Padre C\u00edcero; Barbalha, em visita \u00e0 est\u00e1tua de Santo Ant\u00f4nio; no Crato, em visita \u00e0 est\u00e1tua de Nossa Senhora de F\u00e1tima; em Sobral, onde fez grava\u00e7\u00e3o do Programa Eleitoral gratuito; e por fim em Itarema, Litoral Oeste, com um com\u00edcio em pra\u00e7a p\u00fablica.<\/p>\n\n\n\n<figure class=\"wp-block-image size-large\"><img loading=\"lazy\" decoding=\"async\" width=\"1024\" height=\"682\" src=\"https:\/\/blogdorogeriogomes.com.br\/noticias\/wp-content\/uploads\/2026\/08\/IMG-20260817-WA0013-1024x682.jpg\" alt=\"\" class=\"wp-image-41748\" srcset=\"https:\/\/blogdorogeriogomes.com.br\/noticias\/wp-content\/uploads\/2026\/08\/IMG-20260817-WA0013-1024x682.jpg 1024w, https:\/\/blogdorogeriogomes.com.br\/noticias\/wp-content\/uploads\/2026\/08\/IMG-20260817-WA0013-300x200.jpg 300w, https:\/\/blogdorogeriogomes.com.br\/noticias\/wp-content\/uploads\/2026\/08\/IMG-20260817-WA0013-768x512.jpg 768w, https:\/\/blogdorogeriogomes.com.br\/noticias\/wp-content\/uploads\/2026\/08\/IMG-20260817-WA0013-800x533.jpg 800w, https:\/\/blogdorogeriogomes.com.br\/noticias\/wp-content\/uploads\/2026\/08\/IMG-20260817-WA0013.jpg 1280w\" sizes=\"auto, (max-width: 1024px) 100vw, 1024px\" \/><\/figure>\n","protected":false},"excerpt":{"rendered":"<p>O governador do Cear\u00e1 e candidato \u00e0 reelei\u00e7\u00e3o, Elmano de Freitas (PT), deu in\u00edcio oficial \u00e0 sua campanha eleitoral neste domingo, dia 16 de agosto, com uma agenda intensa que uniu mobiliza\u00e7\u00e3o de massa na capital e passagens estrat\u00e9gicas por munic\u00edpios do interior. O ponto de partida foi marcado por uma forte demonstra\u00e7\u00e3o de apoio pol\u00edtico e pela centralidade de temas como gera\u00e7\u00e3o de emprego e descentraliza\u00e7\u00e3o da sa\u00fade p\u00fablica. A agenda de rua come\u00e7ou com uma caminhada no&hellip;<\/p>\n","protected":false},"author":1,"featured_media":41749,"comment_status":"open","ping_status":"open","sticky":false,"template":"","format":"standard","meta":{"footnotes":""},"categories":[1],"tags":[],"class_list":["post-41747","post","type-post","status-publish","format-standard","has-post-thumbnail","hentry","category-noticias"],"_links":{"self":[{"href":"https:\/\/blogdorogeriogomes.com.br\/noticias\/wp-json\/wp\/v2\/posts\/41747","targetHints":{"allow":["GET"]}}],"collection":[{"href":"https:\/\/blogdorogeriogomes.com.br\/noticias\/wp-json\/wp\/v2\/posts"}],"about":[{"href":"https:\/\/blogdorogeriogomes.com.br\/noticias\/wp-json\/wp\/v2\/types\/post"}],"author":[{"embeddable":true,"href":"https:\/\/blogdorogeriogomes.com.br\/noticias\/wp-json\/wp\/v2\/users\/1"}],"replies":[{"embeddable":true,"href":"https:\/\/blogdorogeriogomes.com.br\/noticias\/wp-json\/wp\/v2\/comments?post=41747"}],"version-history":[{"count":1,"href":"https:\/\/blogdorogeriogomes.com.br\/noticias\/wp-json\/wp\/v2\/posts\/41747\/revisions"}],"predecessor-version":[{"id":41750,"href":"https:\/\/blogdorogeriogomes.com.br\/noticias\/wp-json\/wp\/v2\/posts\/41747\/revisions\/41750"}],"wp:featuredmedia":[{"embeddable":true,"href":"https:\/\/blogdorogeriogomes.com.br\/noticias\/wp-json\/wp\/v2\/media\/41749"}],"wp:attachment":[{"href":"https:\/\/blogdorogeriogomes.com.br\/noticias\/wp-json\/wp\/v2\/media?parent=41747"}],"wp:term":[{"taxonomy":"category","embeddable":true,"href":"https:\/\/blogdorogeriogomes.com.br\/noticias\/wp-json\/wp\/v2\/categories?post=41747"},{"taxonomy":"post_tag","embeddable":true,"href":"https:\/\/blogdorogeriogomes.com.br\/noticias\/wp-json\/wp\/v2\/tags?post=41747"}],"curies":[{"name":"wp","href":"https:\/\/api.w.org\/{rel}","templated":true}]}}