{"id":41751,"date":"2026-08-17T10:28:33","date_gmt":"2026-08-17T10:28:33","guid":{"rendered":"https:\/\/blogdorogeriogomes.com.br\/noticias\/?p=41751"},"modified":"2026-08-17T10:28:34","modified_gmt":"2026-08-17T10:28:34","slug":"ciro-gomes-inicia-campanha-ao-governo-do-ceara-com-criticas-a-saude-e-visitas-ao-interior","status":"publish","type":"post","link":"https:\/\/blogdorogeriogomes.com.br\/noticias\/2026\/08\/ciro-gomes-inicia-campanha-ao-governo-do-ceara-com-criticas-a-saude-e-visitas-ao-interior\/","title":{"rendered":"Ciro Gomes inicia campanha ao Governo do Cear\u00e1 com cr\u00edticas \u00e0 sa\u00fade e visitas ao interior"},"content":{"rendered":"\n<p class=\"wp-block-paragraph\">O ex-ministro e ex-governador Ciro Gomes (PSDB) iniciou oficialmente sua campanha eleitoral rumo ao Pal\u00e1cio da Aboli\u00e7\u00e3o neste domingo, dia 16 de agosto. O candidato estreou as agendas de rua com uma visita logo pela manh\u00e3 ao Mercado Central de Fortaleza, onde se reuniu com apoiadores e apresentou as diretrizes centrais de seu plano de governo, focando em duras cr\u00edticas \u00e0 atual administra\u00e7\u00e3o estadual de Elmano de Freitas (PT).<\/p>\n\n\n\n<p class=\"wp-block-paragraph\">Durante o primeiro ato p\u00fablico na capital, Ciro Gomes esteve acompanhado de toda a chapa majorit\u00e1ria da coliga\u00e7\u00e3o &#8220;Unir para Mudar&#8221;. Marcaram presen\u00e7a o candidato a vice-governador e ex-prefeito de Fortaleza, Roberto Cl\u00e1udio (Uni\u00e3o Brasil), al\u00e9m dos postulantes ao Senado Federal, Capit\u00e3o Wagner (Uni\u00e3o Brasil) e Alcides Fernandes (PL). No corpo a corpo com feirantes e eleitores, o tucano enfatizou propostas voltadas ao incentivo ao microempreendedorismo e prometeu o que classificou como uma &#8220;revolu\u00e7\u00e3o na gest\u00e3o da sa\u00fade&#8221; p\u00fablica cearense.<\/p>\n\n\n\n<p class=\"wp-block-paragraph\">Ap\u00f3s o pontap\u00e9 inicial em Fortaleza, a comitiva de Ciro Gomes seguiu para uma extensa jornada por diferentes regi\u00f5es do Cear\u00e1. Ainda no per\u00edodo da manh\u00e3, o candidato cumpriu agendas pol\u00edticas nos munic\u00edpios de Reden\u00e7\u00e3o e Acarape. \u00c0 tarde, a campanha se deslocou para a regi\u00e3o do Cariri, onde Ciro realizou um ato pol\u00edtico em Juazeiro do Norte e visitou o Horto do Padre C\u00edcero. <\/p>\n\n\n\n<p class=\"wp-block-paragraph\">O encerramento do primeiro dia oficial de atividades ocorreu j\u00e1 no per\u00edodo da noite em Sobral, principal reduto pol\u00edtico e cidade natal da fam\u00edlia do candidato. Na cidade da Regi\u00e3o Norte, ele participou de uma missa na Igreja do Patroc\u00ednio e encerrou a largada da campanha com um expressivo adesiva\u00e7o na Avenida Dom Jos\u00e9.<\/p>\n\n\n\n<figure class=\"wp-block-image size-full\"><img loading=\"lazy\" decoding=\"async\" width=\"709\" height=\"886\" src=\"https:\/\/blogdorogeriogomes.com.br\/noticias\/wp-content\/uploads\/2026\/08\/IMG-20260817-WA0015.jpg\" alt=\"\" class=\"wp-image-41752\" srcset=\"https:\/\/blogdorogeriogomes.com.br\/noticias\/wp-content\/uploads\/2026\/08\/IMG-20260817-WA0015.jpg 709w, https:\/\/blogdorogeriogomes.com.br\/noticias\/wp-content\/uploads\/2026\/08\/IMG-20260817-WA0015-240x300.jpg 240w\" sizes=\"auto, (max-width: 709px) 100vw, 709px\" \/><\/figure>\n","protected":false},"excerpt":{"rendered":"<p>O ex-ministro e ex-governador Ciro Gomes (PSDB) iniciou oficialmente sua campanha eleitoral rumo ao Pal\u00e1cio da Aboli\u00e7\u00e3o neste domingo, dia 16 de agosto. O candidato estreou as agendas de rua com uma visita logo pela manh\u00e3 ao Mercado Central de Fortaleza, onde se reuniu com apoiadores e apresentou as diretrizes centrais de seu plano de governo, focando em duras cr\u00edticas \u00e0 atual administra\u00e7\u00e3o estadual de Elmano de Freitas (PT). Durante o primeiro ato p\u00fablico na capital, Ciro Gomes esteve&hellip;<\/p>\n","protected":false},"author":1,"featured_media":41753,"comment_status":"open","ping_status":"open","sticky":false,"template":"","format":"standard","meta":{"footnotes":""},"categories":[1],"tags":[],"class_list":["post-41751","post","type-post","status-publish","format-standard","has-post-thumbnail","hentry","category-noticias"],"_links":{"self":[{"href":"https:\/\/blogdorogeriogomes.com.br\/noticias\/wp-json\/wp\/v2\/posts\/41751","targetHints":{"allow":["GET"]}}],"collection":[{"href":"https:\/\/blogdorogeriogomes.com.br\/noticias\/wp-json\/wp\/v2\/posts"}],"about":[{"href":"https:\/\/blogdorogeriogomes.com.br\/noticias\/wp-json\/wp\/v2\/types\/post"}],"author":[{"embeddable":true,"href":"https:\/\/blogdorogeriogomes.com.br\/noticias\/wp-json\/wp\/v2\/users\/1"}],"replies":[{"embeddable":true,"href":"https:\/\/blogdorogeriogomes.com.br\/noticias\/wp-json\/wp\/v2\/comments?post=41751"}],"version-history":[{"count":1,"href":"https:\/\/blogdorogeriogomes.com.br\/noticias\/wp-json\/wp\/v2\/posts\/41751\/revisions"}],"predecessor-version":[{"id":41754,"href":"https:\/\/blogdorogeriogomes.com.br\/noticias\/wp-json\/wp\/v2\/posts\/41751\/revisions\/41754"}],"wp:featuredmedia":[{"embeddable":true,"href":"https:\/\/blogdorogeriogomes.com.br\/noticias\/wp-json\/wp\/v2\/media\/41753"}],"wp:attachment":[{"href":"https:\/\/blogdorogeriogomes.com.br\/noticias\/wp-json\/wp\/v2\/media?parent=41751"}],"wp:term":[{"taxonomy":"category","embeddable":true,"href":"https:\/\/blogdorogeriogomes.com.br\/noticias\/wp-json\/wp\/v2\/categories?post=41751"},{"taxonomy":"post_tag","embeddable":true,"href":"https:\/\/blogdorogeriogomes.com.br\/noticias\/wp-json\/wp\/v2\/tags?post=41751"}],"curies":[{"name":"wp","href":"https:\/\/api.w.org\/{rel}","templated":true}]}}