{"id":41755,"date":"2026-08-17T10:45:20","date_gmt":"2026-08-17T10:45:20","guid":{"rendered":"https:\/\/blogdorogeriogomes.com.br\/noticias\/?p=41755"},"modified":"2026-08-17T10:45:21","modified_gmt":"2026-08-17T10:45:21","slug":"lula-abre-campanha-rumo-ao-quarto-mandato-com-resgate-historico-no-abc-paulista","status":"publish","type":"post","link":"https:\/\/blogdorogeriogomes.com.br\/noticias\/2026\/08\/lula-abre-campanha-rumo-ao-quarto-mandato-com-resgate-historico-no-abc-paulista\/","title":{"rendered":"Lula abre campanha rumo ao quarto mandato com resgate hist\u00f3rico no ABC Paulista"},"content":{"rendered":"\n<p class=\"wp-block-paragraph\">No ber\u00e7o de sua trajet\u00f3ria pol\u00edtica e sindical, o presidente Luiz In\u00e1cio Lula da Silva deu o pontap\u00e9 oficial \u00e0 sua campanha presidencial para as elei\u00e7\u00f5es de 2026. Sob o mote \u201cLula: onde tudo come\u00e7ou\u201d, o candidato escolheu o emblem\u00e1tico Est\u00e1dio 1\u00ba de Maio (antiga Vila Euclides), em S\u00e3o Bernardo do Campo (SP), para discursar diante de dezenas de milhares de apoiadores. O local foi o palco das grandes greves metal\u00fargicas do final da d\u00e9cada de 1970 que projetaram o petista nacionalmente durante a ditadura militar.<\/p>\n\n\n\n<p class=\"wp-block-paragraph\">Vestindo branco e utilizando o tradicional chap\u00e9u Panam\u00e1, Lula fez um pronunciamento de forte teor emocional e pol\u00edtico. O candidato relembrou figuras intelectuais que ajudaram a fundar o Partido dos Trabalhadores (PT) e evocou refer\u00eancias religiosas para agradecer sua perman\u00eancia e conquistas na vida p\u00fablica. &#8220;Enquanto eu for vivo, n\u00e3o vou deixar a direita voltar [\u00e0 Presid\u00eancia]&#8221;, declarou o l\u00edder pol\u00edtico, polarizando o discurso e reafirmando seu foco em impedir o avan\u00e7o de grupos opositores ao Pal\u00e1cio do Planalto.<\/p>\n\n\n\n<p class=\"wp-block-paragraph\">O evento tamb\u00e9m serviu para ajustar estrat\u00e9gias internas de comunica\u00e7\u00e3o da campanha. Ap\u00f3s cr\u00edticas sobre a falta de protagonismo feminino em agendas institucionais anteriores, o palanque foi dominado por discursos de grandes lideran\u00e7as aliadas, como a primeira-dama Janja, que prestou homenagem \u00e0 falecida ex-primeira-dama Marisa Let\u00edcia, e as ministras Simone Tebet e Marina Silva.<\/p>\n\n\n\n<p class=\"wp-block-paragraph\">Durante mais de 30 minutos de fala, Lula delineou o que pretende adotar como prioridade em um eventual quarto mandato presidencial. Na seguran\u00e7a p\u00fablica, fez a defesa do fortalecimento do setor, com destaque para propostas de integra\u00e7\u00e3o e foco no combate ao crime organizado. Lula prop\u00f4s educa\u00e7\u00e3o continuada, com a expans\u00e3o das vagas de ensino em tempo integral e amplia\u00e7\u00e3o do acesso \u00e0 universidade, pontuando que investir em ensino custa menos que o sistema prisional.<\/p>\n\n\n\n<p class=\"wp-block-paragraph\">O presidente fez ainda a defesa da soberania nacional e economia com foco na transi\u00e7\u00e3o ecol\u00f3gica, explora\u00e7\u00e3o sustent\u00e1vel de minerais cr\u00edticos (terras raras) e fortalecimento tecnol\u00f3gico.<\/p>\n\n\n\n<figure class=\"wp-block-image size-full\"><img loading=\"lazy\" decoding=\"async\" width=\"768\" height=\"512\" src=\"https:\/\/blogdorogeriogomes.com.br\/noticias\/wp-content\/uploads\/2026\/08\/17868921756a81cf8ff2a0a_1786892175_3x2_md.jpg\" alt=\"\" class=\"wp-image-41756\" srcset=\"https:\/\/blogdorogeriogomes.com.br\/noticias\/wp-content\/uploads\/2026\/08\/17868921756a81cf8ff2a0a_1786892175_3x2_md.jpg 768w, https:\/\/blogdorogeriogomes.com.br\/noticias\/wp-content\/uploads\/2026\/08\/17868921756a81cf8ff2a0a_1786892175_3x2_md-300x200.jpg 300w\" sizes=\"auto, (max-width: 768px) 100vw, 768px\" \/><\/figure>\n","protected":false},"excerpt":{"rendered":"<p>No ber\u00e7o de sua trajet\u00f3ria pol\u00edtica e sindical, o presidente Luiz In\u00e1cio Lula da Silva deu o pontap\u00e9 oficial \u00e0 sua campanha presidencial para as elei\u00e7\u00f5es de 2026. Sob o mote \u201cLula: onde tudo come\u00e7ou\u201d, o candidato escolheu o emblem\u00e1tico Est\u00e1dio 1\u00ba de Maio (antiga Vila Euclides), em S\u00e3o Bernardo do Campo (SP), para discursar diante de dezenas de milhares de apoiadores. O local foi o palco das grandes greves metal\u00fargicas do final da d\u00e9cada de 1970 que projetaram&hellip;<\/p>\n","protected":false},"author":1,"featured_media":41756,"comment_status":"open","ping_status":"open","sticky":false,"template":"","format":"standard","meta":{"footnotes":""},"categories":[1],"tags":[],"class_list":["post-41755","post","type-post","status-publish","format-standard","has-post-thumbnail","hentry","category-noticias"],"_links":{"self":[{"href":"https:\/\/blogdorogeriogomes.com.br\/noticias\/wp-json\/wp\/v2\/posts\/41755","targetHints":{"allow":["GET"]}}],"collection":[{"href":"https:\/\/blogdorogeriogomes.com.br\/noticias\/wp-json\/wp\/v2\/posts"}],"about":[{"href":"https:\/\/blogdorogeriogomes.com.br\/noticias\/wp-json\/wp\/v2\/types\/post"}],"author":[{"embeddable":true,"href":"https:\/\/blogdorogeriogomes.com.br\/noticias\/wp-json\/wp\/v2\/users\/1"}],"replies":[{"embeddable":true,"href":"https:\/\/blogdorogeriogomes.com.br\/noticias\/wp-json\/wp\/v2\/comments?post=41755"}],"version-history":[{"count":1,"href":"https:\/\/blogdorogeriogomes.com.br\/noticias\/wp-json\/wp\/v2\/posts\/41755\/revisions"}],"predecessor-version":[{"id":41757,"href":"https:\/\/blogdorogeriogomes.com.br\/noticias\/wp-json\/wp\/v2\/posts\/41755\/revisions\/41757"}],"wp:featuredmedia":[{"embeddable":true,"href":"https:\/\/blogdorogeriogomes.com.br\/noticias\/wp-json\/wp\/v2\/media\/41756"}],"wp:attachment":[{"href":"https:\/\/blogdorogeriogomes.com.br\/noticias\/wp-json\/wp\/v2\/media?parent=41755"}],"wp:term":[{"taxonomy":"category","embeddable":true,"href":"https:\/\/blogdorogeriogomes.com.br\/noticias\/wp-json\/wp\/v2\/categories?post=41755"},{"taxonomy":"post_tag","embeddable":true,"href":"https:\/\/blogdorogeriogomes.com.br\/noticias\/wp-json\/wp\/v2\/tags?post=41755"}],"curies":[{"name":"wp","href":"https:\/\/api.w.org\/{rel}","templated":true}]}}