{"id":41758,"date":"2026-08-17T10:58:01","date_gmt":"2026-08-17T10:58:01","guid":{"rendered":"https:\/\/blogdorogeriogomes.com.br\/noticias\/?p=41758"},"modified":"2026-08-17T10:58:01","modified_gmt":"2026-08-17T10:58:01","slug":"com-colete-a-prova-de-balas-e-sob-a-sombra-do-pai-flavio-bolsonaro-abre-campanha-presidencial-prometendo-tesouraco-em-brasilia","status":"publish","type":"post","link":"https:\/\/blogdorogeriogomes.com.br\/noticias\/2026\/08\/com-colete-a-prova-de-balas-e-sob-a-sombra-do-pai-flavio-bolsonaro-abre-campanha-presidencial-prometendo-tesouraco-em-brasilia\/","title":{"rendered":"Com colete \u00e0 prova de balas e sob a sombra do pai, Fl\u00e1vio Bolsonaro abre campanha presidencial prometendo \u2018tesoura\u00e7o\u2019 em Bras\u00edlia"},"content":{"rendered":"\n<p class=\"wp-block-paragraph\">O senador e candidato \u00e0 Presid\u00eancia da Rep\u00fablica deu o pontap\u00e9 inicial de sua jornada rumo ao Pal\u00e1cio do Planalto, neste domingo, dia 16 de agosto, na Praia de Copacabana, no Rio de Janeiro. Diante de uma plateia estimada em 8,9 mil pessoas pelo Monitor do Debate Pol\u00edtico da USP\/Cebrap, p\u00fablico numericamente inferior \u00e0s grandes mobiliza\u00e7\u00f5es lideradas por Jair Bolsonaro no passado, o filho do ex-presidente apostou em um forte discurso nacionalista, pautado na seguran\u00e7a p\u00fablica e no antipetismo, para marcar sua estreia oficial nas ruas.<\/p>\n\n\n\n<p class=\"wp-block-paragraph\">Vestindo um colete bal\u00edstico sob a camiseta por orienta\u00e7\u00e3o de sua equipe devido a amea\u00e7as relatadas, Fl\u00e1vio subiu ao trio el\u00e9trico ao lado do candidato a vice, Alfredo Gaspar, do candidato ao governo fluminense, Douglas Ruas (PL), de sua m\u00e3e Rog\u00e9ria e de sua esposa Fernanda. Durante toda a manifesta\u00e7\u00e3o, a figura de Jair Bolsonaro, atualmente em pris\u00e3o domiciliar, foi o eixo central.O candidato reproduziu um \u00e1udio antigo do pai com mensagens sobre patriotismo e f\u00e9 e fez uma analogia sobre assumir o bast\u00e3o da lideran\u00e7a conservadora: \u201cSei que pare\u00e7o com ele, mas \u00e9 dif\u00edcil comparar o filho do Pel\u00e9 com o Pel\u00e9\u201d, declarou, pedindo \u00e0 multid\u00e3o que cantasse &#8220;Volta, Bolsonaro&#8221;.<\/p>\n\n\n\n<p class=\"wp-block-paragraph\"><br>Al\u00e9m do discurso combativo, Fl\u00e1vio sinalizou propostas de cunho liberal e social para rivalizar com a narrativa de distribui\u00e7\u00e3o de renda do PT, como corte de gastos. Ele anunciou um amplo &#8220;tesoura\u00e7o&#8221; em cargos e despesas federais, declarando que o resto do Brasil olha para Bras\u00edlia &#8220;com nojo&#8221;. Prop\u00f4s ainda vouchers e educa\u00e7\u00e3o. Prometeu reformular o curr\u00edculo escolar para afastar a milit\u00e2ncia e ofertar vouchers para m\u00e3es colocarem filhos em creches privadas caso faltem vagas no setor p\u00fablico.<\/p>\n\n\n\n<p class=\"wp-block-paragraph\">Fl\u00e1vio Bolsonaro prometeu implantar um programa de sa\u00fade digital com a unifica\u00e7\u00e3o eletr\u00f4nica dos protocolos do SUS para dar mais agilidade a cirurgias e consultas.<\/p>\n\n\n\n<figure class=\"wp-block-image size-large\"><img loading=\"lazy\" decoding=\"async\" width=\"1024\" height=\"576\" src=\"https:\/\/blogdorogeriogomes.com.br\/noticias\/wp-content\/uploads\/2026\/08\/16flavio3-1024x576.jpeg\" alt=\"\" class=\"wp-image-41759\" srcset=\"https:\/\/blogdorogeriogomes.com.br\/noticias\/wp-content\/uploads\/2026\/08\/16flavio3-1024x576.jpeg 1024w, https:\/\/blogdorogeriogomes.com.br\/noticias\/wp-content\/uploads\/2026\/08\/16flavio3-300x169.jpeg 300w, https:\/\/blogdorogeriogomes.com.br\/noticias\/wp-content\/uploads\/2026\/08\/16flavio3-768x432.jpeg 768w, https:\/\/blogdorogeriogomes.com.br\/noticias\/wp-content\/uploads\/2026\/08\/16flavio3-1536x864.jpeg 1536w, https:\/\/blogdorogeriogomes.com.br\/noticias\/wp-content\/uploads\/2026\/08\/16flavio3-800x450.jpeg 800w, https:\/\/blogdorogeriogomes.com.br\/noticias\/wp-content\/uploads\/2026\/08\/16flavio3.jpeg 1920w\" sizes=\"auto, (max-width: 1024px) 100vw, 1024px\" \/><\/figure>\n","protected":false},"excerpt":{"rendered":"<p>O senador e candidato \u00e0 Presid\u00eancia da Rep\u00fablica deu o pontap\u00e9 inicial de sua jornada rumo ao Pal\u00e1cio do Planalto, neste domingo, dia 16 de agosto, na Praia de Copacabana, no Rio de Janeiro. Diante de uma plateia estimada em 8,9 mil pessoas pelo Monitor do Debate Pol\u00edtico da USP\/Cebrap, p\u00fablico numericamente inferior \u00e0s grandes mobiliza\u00e7\u00f5es lideradas por Jair Bolsonaro no passado, o filho do ex-presidente apostou em um forte discurso nacionalista, pautado na seguran\u00e7a p\u00fablica e no antipetismo,&hellip;<\/p>\n","protected":false},"author":1,"featured_media":41759,"comment_status":"open","ping_status":"open","sticky":false,"template":"","format":"standard","meta":{"footnotes":""},"categories":[1],"tags":[],"class_list":["post-41758","post","type-post","status-publish","format-standard","has-post-thumbnail","hentry","category-noticias"],"_links":{"self":[{"href":"https:\/\/blogdorogeriogomes.com.br\/noticias\/wp-json\/wp\/v2\/posts\/41758","targetHints":{"allow":["GET"]}}],"collection":[{"href":"https:\/\/blogdorogeriogomes.com.br\/noticias\/wp-json\/wp\/v2\/posts"}],"about":[{"href":"https:\/\/blogdorogeriogomes.com.br\/noticias\/wp-json\/wp\/v2\/types\/post"}],"author":[{"embeddable":true,"href":"https:\/\/blogdorogeriogomes.com.br\/noticias\/wp-json\/wp\/v2\/users\/1"}],"replies":[{"embeddable":true,"href":"https:\/\/blogdorogeriogomes.com.br\/noticias\/wp-json\/wp\/v2\/comments?post=41758"}],"version-history":[{"count":1,"href":"https:\/\/blogdorogeriogomes.com.br\/noticias\/wp-json\/wp\/v2\/posts\/41758\/revisions"}],"predecessor-version":[{"id":41760,"href":"https:\/\/blogdorogeriogomes.com.br\/noticias\/wp-json\/wp\/v2\/posts\/41758\/revisions\/41760"}],"wp:featuredmedia":[{"embeddable":true,"href":"https:\/\/blogdorogeriogomes.com.br\/noticias\/wp-json\/wp\/v2\/media\/41759"}],"wp:attachment":[{"href":"https:\/\/blogdorogeriogomes.com.br\/noticias\/wp-json\/wp\/v2\/media?parent=41758"}],"wp:term":[{"taxonomy":"category","embeddable":true,"href":"https:\/\/blogdorogeriogomes.com.br\/noticias\/wp-json\/wp\/v2\/categories?post=41758"},{"taxonomy":"post_tag","embeddable":true,"href":"https:\/\/blogdorogeriogomes.com.br\/noticias\/wp-json\/wp\/v2\/tags?post=41758"}],"curies":[{"name":"wp","href":"https:\/\/api.w.org\/{rel}","templated":true}]}}