{"id":41767,"date":"2026-08-18T09:12:53","date_gmt":"2026-08-18T09:12:53","guid":{"rendered":"https:\/\/blogdorogeriogomes.com.br\/noticias\/?p=41767"},"modified":"2026-08-18T09:12:53","modified_gmt":"2026-08-18T09:12:53","slug":"lula-afirma-que-petroleo-descoberto-no-amapa-pela-petrobras-e-soberania-nacional-e-que-brasil-nao-aceitara-interferencias","status":"publish","type":"post","link":"https:\/\/blogdorogeriogomes.com.br\/noticias\/2026\/08\/lula-afirma-que-petroleo-descoberto-no-amapa-pela-petrobras-e-soberania-nacional-e-que-brasil-nao-aceitara-interferencias\/","title":{"rendered":"Lula afirma que petr\u00f3leo descoberto no Amap\u00e1 pela Petrobras \u00e9 &#8220;soberania nacional&#8221; e que Brasil n\u00e3o aceitar\u00e1 interfer\u00eancias"},"content":{"rendered":"\n<p class=\"wp-block-paragraph\">O presidente Luiz In\u00e1cio Lula da Silva defendeu veementemente a explora\u00e7\u00e3o de petr\u00f3leo na Margem Equatorial durante visita ao navio-sonda da Petrobras em Oiapoque, no Amap\u00e1. O chefe do Executivo classificou a atividade na Foz do Amazonas como uma quest\u00e3o de soberania nacional e garantiu que n\u00e3o ceder\u00e1 a press\u00f5es ou interfer\u00eancias estrangeiras, especialmente de na\u00e7\u00f5es europeias.<\/p>\n\n\n\n<p class=\"wp-block-paragraph\">Lula afirmou que a explora\u00e7\u00e3o de petr\u00f3leo na Foz do Amazonas \u00e9 vital para a independ\u00eancia do Brasil. Ao rebater cr\u00edticas de pa\u00edses europeus sobre o uso de combust\u00edveis f\u00f3sseis na Margem Equatorial, Lula declarou que n\u00e3o aceitar\u00e1 interfer\u00eancia estrangeira na soberania nacional. O presidente revelou ainda que antecipou o an\u00fancio do interesse na prospec\u00e7\u00e3o antes da COP passada, contrariando press\u00f5es diplom\u00e1ticas para priorizar os interesses econ\u00f4micos do pa\u00eds.<\/p>\n\n\n\n<p class=\"wp-block-paragraph\">A Associa\u00e7\u00e3o dos Engenheiros da Petrobras (Aepet) avalia que a explora\u00e7\u00e3o de petr\u00f3leo no Amap\u00e1 pode revelar reservas de grandes propor\u00e7\u00f5es, diante das informa\u00e7\u00f5es obtidas at\u00e9 agora durante a perfura\u00e7\u00e3o. A presidente da Petrobr\u00e1s, Magda Chambriard, confirmou a presen\u00e7a de petr\u00f3leo na regi\u00e3o, embora ainda n\u00e3o seja poss\u00edvel dimensionar a descoberta. \u201cTem petr\u00f3leo, a gente s\u00f3 n\u00e3o sabe quanto\u201d, afirmou. A previs\u00e3o \u00e9 que a explora\u00e7\u00e3o do po\u00e7o seja conclu\u00edda em cerca de 20 dias.<\/p>\n\n\n\n<figure class=\"wp-block-image size-large\"><img loading=\"lazy\" decoding=\"async\" width=\"1024\" height=\"576\" src=\"https:\/\/blogdorogeriogomes.com.br\/noticias\/wp-content\/uploads\/2026\/08\/visita-sonda-ns-42-poco-morpho-amapa-margem-equatorial-foto1-1024x576.jpeg\" alt=\"\" class=\"wp-image-41768\" srcset=\"https:\/\/blogdorogeriogomes.com.br\/noticias\/wp-content\/uploads\/2026\/08\/visita-sonda-ns-42-poco-morpho-amapa-margem-equatorial-foto1-1024x576.jpeg 1024w, https:\/\/blogdorogeriogomes.com.br\/noticias\/wp-content\/uploads\/2026\/08\/visita-sonda-ns-42-poco-morpho-amapa-margem-equatorial-foto1-300x169.jpeg 300w, https:\/\/blogdorogeriogomes.com.br\/noticias\/wp-content\/uploads\/2026\/08\/visita-sonda-ns-42-poco-morpho-amapa-margem-equatorial-foto1-768x432.jpeg 768w, https:\/\/blogdorogeriogomes.com.br\/noticias\/wp-content\/uploads\/2026\/08\/visita-sonda-ns-42-poco-morpho-amapa-margem-equatorial-foto1-800x450.jpeg 800w, https:\/\/blogdorogeriogomes.com.br\/noticias\/wp-content\/uploads\/2026\/08\/visita-sonda-ns-42-poco-morpho-amapa-margem-equatorial-foto1.jpeg 1080w\" sizes=\"auto, (max-width: 1024px) 100vw, 1024px\" \/><\/figure>\n","protected":false},"excerpt":{"rendered":"<p>O presidente Luiz In\u00e1cio Lula da Silva defendeu veementemente a explora\u00e7\u00e3o de petr\u00f3leo na Margem Equatorial durante visita ao navio-sonda da Petrobras em Oiapoque, no Amap\u00e1. O chefe do Executivo classificou a atividade na Foz do Amazonas como uma quest\u00e3o de soberania nacional e garantiu que n\u00e3o ceder\u00e1 a press\u00f5es ou interfer\u00eancias estrangeiras, especialmente de na\u00e7\u00f5es europeias. Lula afirmou que a explora\u00e7\u00e3o de petr\u00f3leo na Foz do Amazonas \u00e9 vital para a independ\u00eancia do Brasil. Ao rebater cr\u00edticas de&hellip;<\/p>\n","protected":false},"author":1,"featured_media":41768,"comment_status":"open","ping_status":"open","sticky":false,"template":"","format":"standard","meta":{"footnotes":""},"categories":[1],"tags":[],"class_list":["post-41767","post","type-post","status-publish","format-standard","has-post-thumbnail","hentry","category-noticias"],"_links":{"self":[{"href":"https:\/\/blogdorogeriogomes.com.br\/noticias\/wp-json\/wp\/v2\/posts\/41767","targetHints":{"allow":["GET"]}}],"collection":[{"href":"https:\/\/blogdorogeriogomes.com.br\/noticias\/wp-json\/wp\/v2\/posts"}],"about":[{"href":"https:\/\/blogdorogeriogomes.com.br\/noticias\/wp-json\/wp\/v2\/types\/post"}],"author":[{"embeddable":true,"href":"https:\/\/blogdorogeriogomes.com.br\/noticias\/wp-json\/wp\/v2\/users\/1"}],"replies":[{"embeddable":true,"href":"https:\/\/blogdorogeriogomes.com.br\/noticias\/wp-json\/wp\/v2\/comments?post=41767"}],"version-history":[{"count":1,"href":"https:\/\/blogdorogeriogomes.com.br\/noticias\/wp-json\/wp\/v2\/posts\/41767\/revisions"}],"predecessor-version":[{"id":41769,"href":"https:\/\/blogdorogeriogomes.com.br\/noticias\/wp-json\/wp\/v2\/posts\/41767\/revisions\/41769"}],"wp:featuredmedia":[{"embeddable":true,"href":"https:\/\/blogdorogeriogomes.com.br\/noticias\/wp-json\/wp\/v2\/media\/41768"}],"wp:attachment":[{"href":"https:\/\/blogdorogeriogomes.com.br\/noticias\/wp-json\/wp\/v2\/media?parent=41767"}],"wp:term":[{"taxonomy":"category","embeddable":true,"href":"https:\/\/blogdorogeriogomes.com.br\/noticias\/wp-json\/wp\/v2\/categories?post=41767"},{"taxonomy":"post_tag","embeddable":true,"href":"https:\/\/blogdorogeriogomes.com.br\/noticias\/wp-json\/wp\/v2\/tags?post=41767"}],"curies":[{"name":"wp","href":"https:\/\/api.w.org\/{rel}","templated":true}]}}